{"id":295092,"date":"2024-01-13T09:19:45","date_gmt":"2024-01-13T06:19:45","guid":{"rendered":"https:\/\/sana.sy\/tr\/?p=295092"},"modified":"2024-01-14T08:35:41","modified_gmt":"2024-01-14T05:35:41","slug":"amerikan-saldirisi-yemenin-baskenti-sanayi-hedef-aliyor","status":"publish","type":"post","link":"https:\/\/archive.sana.sy\/tr\/?p=295092","title":{"rendered":"Yemen&#8217;in Ba\u015fkenti Sanaa&#8217;y\u0131 Hedef Alan Yeni Bir Amerikan Sald\u0131rganl\u0131\u011f\u0131"},"content":{"rendered":"<p style=\"text-align: justify;\"><strong>SANA 13 OCAK (SANA) \u2013\u00a0 <\/strong>Yemen&#8217;in ba\u015fkenti Sana, bu sabah ba\u015fkentin kuzey kesiminden patlama sesleri duyulurken bir kez daha Amerikan sald\u0131r\u0131s\u0131na maruz kald\u0131.<\/p>\n<p style=\"text-align: justify;\">Yemen medyas\u0131, Amerikan sald\u0131rganl\u0131\u011f\u0131n\u0131n hava sald\u0131r\u0131lar\u0131yla yine ba\u015fkentin kuzeyindeki Sana Uluslararas\u0131 Havaalan\u0131 yak\u0131n\u0131ndaki El Daylami \u00fcss\u00fcn\u00fc hedef ald\u0131\u011f\u0131n\u0131 bildirdi.<\/p>\n<p style=\"text-align: center;\"><strong><a href=\"https:\/\/t.me\/SuriyeArapHaberAjansI\">Telegram Kanal\u0131m\u0131z\u00a0<\/a>||<a href=\"https:\/\/twitter.com\/arap_ajans\">X Platformumuz\u00a0<\/a>||<a href=\"https:\/\/www.facebook.com\/SANAHaberAjansi\/\">Facebook Sayfam\u0131z<\/a><\/strong><\/p>\n","protected":false},"excerpt":{"rendered":"<p>SANA 13 OCAK (SANA) \u2013\u00a0 Yemen&#8217;in ba\u015fkenti Sana, bu sabah ba\u015fkentin kuzey kesiminden patlama sesleri duyulurken bir kez daha Amerikan sald\u0131r\u0131s\u0131na maruz kald\u0131. Yemen medyas\u0131, Amerikan sald\u0131rganl\u0131\u011f\u0131n\u0131n hava sald\u0131r\u0131lar\u0131yla yine ba\u015fkentin kuzeyindeki Sana Uluslararas\u0131 Havaalan\u0131 yak\u0131n\u0131ndaki El Daylami \u00fcss\u00fcn\u00fc hedef ald\u0131\u011f\u0131n\u0131 bildirdi. Telegram Kanal\u0131m\u0131z\u00a0||X Platformumuz\u00a0||Facebook Sayfam\u0131z<\/p>\n","protected":false},"author":36,"featured_media":295093,"comment_status":"closed","ping_status":"closed","sticky":false,"template":"","format":"standard","meta":{"footnotes":""},"categories":[458,459,17988],"tags":[],"class_list":["post-295092","post","type-post","status-publish","format-standard","has-post-thumbnail","","category-dunya1","category-haberler-arap-uluslararasi-politika","category-son-haberler"],"_links":{"self":[{"href":"https:\/\/archive.sana.sy\/tr\/index.php?rest_route=\/wp\/v2\/posts\/295092","targetHints":{"allow":["GET"]}}],"collection":[{"href":"https:\/\/archive.sana.sy\/tr\/index.php?rest_route=\/wp\/v2\/posts"}],"about":[{"href":"https:\/\/archive.sana.sy\/tr\/index.php?rest_route=\/wp\/v2\/types\/post"}],"author":[{"embeddable":true,"href":"https:\/\/archive.sana.sy\/tr\/index.php?rest_route=\/wp\/v2\/users\/36"}],"replies":[{"embeddable":true,"href":"https:\/\/archive.sana.sy\/tr\/index.php?rest_route=%2Fwp%2Fv2%2Fcomments&post=295092"}],"version-history":[{"count":5,"href":"https:\/\/archive.sana.sy\/tr\/index.php?rest_route=\/wp\/v2\/posts\/295092\/revisions"}],"predecessor-version":[{"id":295112,"href":"https:\/\/archive.sana.sy\/tr\/index.php?rest_route=\/wp\/v2\/posts\/295092\/revisions\/295112"}],"wp:featuredmedia":[{"embeddable":true,"href":"https:\/\/archive.sana.sy\/tr\/index.php?rest_route=\/wp\/v2\/media\/295093"}],"wp:attachment":[{"href":"https:\/\/archive.sana.sy\/tr\/index.php?rest_route=%2Fwp%2Fv2%2Fmedia&parent=295092"}],"wp:term":[{"taxonomy":"category","embeddable":true,"href":"https:\/\/archive.sana.sy\/tr\/index.php?rest_route=%2Fwp%2Fv2%2Fcategories&post=295092"},{"taxonomy":"post_tag","embeddable":true,"href":"https:\/\/archive.sana.sy\/tr\/index.php?rest_route=%2Fwp%2Fv2%2Ftags&post=295092"}],"curies":[{"name":"wp","href":"https:\/\/api.w.org\/{rel}","templated":true}]}}