{"id":295095,"date":"2024-01-13T10:23:43","date_gmt":"2024-01-13T07:23:43","guid":{"rendered":"https:\/\/sana.sy\/tr\/?p=295095"},"modified":"2024-01-14T09:02:41","modified_gmt":"2024-01-14T06:02:41","slug":"aksa-tufani-operasyonu-bugunun-en-one-cikan-gelismeleri-13","status":"publish","type":"post","link":"https:\/\/archive.sana.sy\/tr\/?p=295095","title":{"rendered":"Aksa Tufan\u0131 Operasyonu\u2026 Bug\u00fcn\u00fcn En \u00d6ne \u00c7\u0131kan Geli\u015fmeleri"},"content":{"rendered":"<p><strong>\u0130\u015eGAL ED\u0130LEN KUD\u00dcS 13 OCAK 2024 (SANA) \u2013<\/strong>\u00a0Filistin direni\u015finin i\u015fgalci \u0130srail\u2019in sald\u0131rganl\u0131\u011f\u0131na yan\u0131t olarak 7 Ekim\u2019de ba\u015flatt\u0131\u011f\u0131 Aksa Tufan\u0131 Operasyonu\u2019nda \u00f6ne \u00e7\u0131kan geli\u015fmeler:<\/p>\n<ul>\n<li style=\"text-align: justify;\">Filistin medyas\u0131: \u0130srail&#8217;in Gazze \u015eehri&#8217;nde bir evi bombalamas\u0131 sonucu 4 \u015fehit ve yakla\u015f\u0131k 20 ki\u015fi kay\u0131p.<\/li>\n<li style=\"text-align: justify;\">Filistin direni\u015fi, \u0130srail i\u015fgaline ait bir piyade kuvvetini \u201cg\u00f6k g\u00fcr\u00fclt\u00fcs\u00fc bombas\u0131yla\u201d hedef ald\u0131 ve Gazze \u015eeridi&#8217;nin g\u00fcneyindeki Han Yunus \u015fehrinin do\u011fusundaki \u00fcyelerini \u00f6ld\u00fcrd\u00fc ve yaralad\u0131.<\/li>\n<li style=\"text-align: justify;\">Filistin direni\u015fi, Gazze \u015eeridi&#8217;nin g\u00fcneyinde Han Yunus&#8217;un do\u011fusunda \u0130srail i\u015fgaline ait iki tank ve bir askeri buldozerle &#8220;\u015eavvaz&#8221; cihazlar\u0131yla hedef ald\u0131.<\/li>\n<li style=\"text-align: justify;\">Filistin direni\u015fi, g\u00fcney Gazze \u015eeridi&#8217;ndeki Han Yunus&#8217;un do\u011fusundaki \u0130srail i\u015fgal helikopterini karadan havaya f\u00fczeyle hedef ald\u0131.<\/li>\n<li style=\"text-align: justify;\">Filistin direni\u015fi, Gazze \u015eeridi&#8217;nin g\u00fcneyindeki Han Yunus \u015fehrinin do\u011fusunda \u0130srail i\u015fgal ara\u00e7lar\u0131 ve askerlerinin olu\u015fturdu\u011fu bir toplant\u0131y\u0131 havan toplar\u0131yla hedef ald\u0131.<\/li>\n<li style=\"text-align: justify;\">Filistin direni\u015fi, Gazze \u015eeridi&#8217;nin g\u00fcneyindeki Han Yunus&#8217;un do\u011fusunda 4 askerden olu\u015fan \u0130srail i\u015fgal g\u00fcc\u00fcne anti-personel bombas\u0131n\u0131 patlatarak \u00f6ld\u00fcrd\u00fc ve yaralad\u0131.<\/li>\n<li style=\"text-align: justify;\">Filistin Sa\u011fl\u0131k Bakanl\u0131\u011f\u0131: \u0130srail&#8217;in Gazze \u015eeridi&#8217;ne y\u00f6nelik sald\u0131r\u0131s\u0131nda \u00f6lenlerin say\u0131s\u0131 23 bin 843 \u015fehit ve 60 bin 317 yaral\u0131ya y\u00fckseldi.<\/li>\n<li style=\"text-align: justify;\">Filistin Sa\u011fl\u0131k Bakanl\u0131\u011f\u0131: \u0130srail i\u015fgali son 24 saatte 12 katliam ger\u00e7ekle\u015ftirdi, 135 \u015fehit ve 312 ki\u015fi yaraland\u0131.<\/li>\n<li style=\"text-align: justify;\">Filistin direni\u015fi, Gazze \u015eeridi&#8217;nin g\u00fcneyindeki Han Yunus \u015fehrinin do\u011fusundaki iki d\u00fc\u015fman \u0130srail askerini uzaktan \u00f6ld\u00fcrd\u00fc.<\/li>\n<li style=\"text-align: justify;\">Filistin direni\u015fi, Han Yunus \u015fehrinin do\u011fusundaki tahkimatlara &#8220;TBG&#8221; f\u00fczesi ile \u0130srail&#8217;in d\u00fc\u015fman piyade kuvvetini hedef ald\u0131 ve baz\u0131 \u00fcyelerini ortadan kald\u0131rd\u0131.<\/li>\n<li style=\"text-align: justify;\">\u201cYasin 105\u201d ile hedef al\u0131nan Filistin direni\u015fi, Gazze \u015eeridi&#8217;nin g\u00fcneyindeki Han Yunus \u015fehrinin do\u011fusunda \u0130srail i\u015fgaline ait bir asker gemisini ve 4 Merkava tank\u0131n\u0131 bombalad\u0131.<\/li>\n<li style=\"text-align: justify;\">Filistin Direni\u015fi: Sava\u015f\u00e7\u0131lar\u0131m\u0131z, \u0130srailli d\u00fc\u015fmanla El Mahatta ve Do\u011fu Han Yunis eksenlerinde \u015fiddetli \u00e7at\u0131\u015fmalara girmi\u015f ve buradaki ara\u00e7lar\u0131 R.P.G. mermisi ile vurmay\u0131 ba\u015farm\u0131\u015f, saflar\u0131nda \u00f6l\u00fcm ve yaralanmalara neden olmu\u015ftur.<\/li>\n<li style=\"text-align: justify;\"><a href=\"https:\/\/sana.sy\/tr\/?p=295109\">\u0130srail&#8217;in Gazze \u015eeridi&#8217;nde 99&#8217;uncu g\u00fcn\u00fcnde devam eden sald\u0131rganl\u0131\u011f\u0131 sonucu onlarca \u015fehit ve yaral\u0131.<\/a><\/li>\n<li style=\"text-align: justify;\">Filistin direni\u015fi, El Zeytun mahallesinin g\u00fcneydo\u011fusunda \u0130srail i\u015fgal askeri ara\u00e7lar\u0131ndan olu\u015fan bir toplulu\u011fu \u00e7ok say\u0131da havan topuyla imha etti.<\/li>\n<li style=\"text-align: justify;\">Filistin medyas\u0131: \u0130srail i\u015fgal u\u00e7aklar\u0131n\u0131n Gazze \u015fehrinin El Darac mahallesindeki bir evi bombalamas\u0131 sonucu 20 \u015fehit.<\/li>\n<li style=\"text-align: justify;\">Filistin medyas\u0131: \u0130srail i\u015fgal u\u00e7aklar\u0131, Gazze \u015eeridi&#8217;nin merkezinde, Deyir El Balah&#8217;\u0131n do\u011fusundaki evlere bir dizi bask\u0131n d\u00fczenledi.<\/li>\n<\/ul>\n<p style=\"text-align: center;\"><strong><a href=\"https:\/\/t.me\/SuriyeArapHaberAjansI\">Telegram Kanal\u0131m\u0131z\u00a0<\/a>||<a href=\"https:\/\/twitter.com\/arap_ajans\">X Platformumuz\u00a0<\/a>||<a href=\"https:\/\/www.facebook.com\/SANAHaberAjansi\/\">Facebook Sayfam\u0131z<\/a><\/strong><\/p>\n","protected":false},"excerpt":{"rendered":"<p>\u0130\u015eGAL ED\u0130LEN KUD\u00dcS 13 OCAK 2024 (SANA) \u2013\u00a0Filistin direni\u015finin i\u015fgalci \u0130srail\u2019in sald\u0131rganl\u0131\u011f\u0131na yan\u0131t olarak 7 Ekim\u2019de ba\u015flatt\u0131\u011f\u0131 Aksa Tufan\u0131 Operasyonu\u2019nda \u00f6ne \u00e7\u0131kan geli\u015fmeler: Filistin medyas\u0131: \u0130srail&#8217;in Gazze \u015eehri&#8217;nde bir evi bombalamas\u0131 sonucu 4 \u015fehit ve yakla\u015f\u0131k 20 ki\u015fi kay\u0131p. Filistin direni\u015fi, \u0130srail i\u015fgaline ait bir piyade kuvvetini \u201cg\u00f6k g\u00fcr\u00fclt\u00fcs\u00fc bombas\u0131yla\u201d hedef ald\u0131 ve Gazze \u015eeridi&#8217;nin &hellip;<\/p>\n","protected":false},"author":36,"featured_media":295096,"comment_status":"closed","ping_status":"closed","sticky":false,"template":"","format":"standard","meta":{"footnotes":""},"categories":[458,459,17988],"tags":[],"class_list":["post-295095","post","type-post","status-publish","format-standard","has-post-thumbnail","","category-dunya1","category-haberler-arap-uluslararasi-politika","category-son-haberler"],"_links":{"self":[{"href":"https:\/\/archive.sana.sy\/tr\/index.php?rest_route=\/wp\/v2\/posts\/295095","targetHints":{"allow":["GET"]}}],"collection":[{"href":"https:\/\/archive.sana.sy\/tr\/index.php?rest_route=\/wp\/v2\/posts"}],"about":[{"href":"https:\/\/archive.sana.sy\/tr\/index.php?rest_route=\/wp\/v2\/types\/post"}],"author":[{"embeddable":true,"href":"https:\/\/archive.sana.sy\/tr\/index.php?rest_route=\/wp\/v2\/users\/36"}],"replies":[{"embeddable":true,"href":"https:\/\/archive.sana.sy\/tr\/index.php?rest_route=%2Fwp%2Fv2%2Fcomments&post=295095"}],"version-history":[{"count":4,"href":"https:\/\/archive.sana.sy\/tr\/index.php?rest_route=\/wp\/v2\/posts\/295095\/revisions"}],"predecessor-version":[{"id":295121,"href":"https:\/\/archive.sana.sy\/tr\/index.php?rest_route=\/wp\/v2\/posts\/295095\/revisions\/295121"}],"wp:featuredmedia":[{"embeddable":true,"href":"https:\/\/archive.sana.sy\/tr\/index.php?rest_route=\/wp\/v2\/media\/295096"}],"wp:attachment":[{"href":"https:\/\/archive.sana.sy\/tr\/index.php?rest_route=%2Fwp%2Fv2%2Fmedia&parent=295095"}],"wp:term":[{"taxonomy":"category","embeddable":true,"href":"https:\/\/archive.sana.sy\/tr\/index.php?rest_route=%2Fwp%2Fv2%2Fcategories&post=295095"},{"taxonomy":"post_tag","embeddable":true,"href":"https:\/\/archive.sana.sy\/tr\/index.php?rest_route=%2Fwp%2Fv2%2Ftags&post=295095"}],"curies":[{"name":"wp","href":"https:\/\/api.w.org\/{rel}","templated":true}]}}