{"id":2951,"date":"2014-05-29T13:29:41","date_gmt":"2014-05-29T10:29:41","guid":{"rendered":"http:\/\/sanasyria.org\/tr\/?p=2951"},"modified":"2014-06-13T13:32:02","modified_gmt":"2014-06-13T10:32:02","slug":"suriye-sagligina-kavusma-yolunda-ilerliyor","status":"publish","type":"post","link":"https:\/\/archive.sana.sy\/tr\/?p=2951","title":{"rendered":"Suriye Sa\u011fl\u0131\u011f\u0131na Kavu\u015fma Yolunda \u0130lerliyor"},"content":{"rendered":"<p><span>\u015eAM \u2013<\/span> Suriye Demokratik Kore Karma Ekonomi Komitesinin dokuzuncu d\u00f6nem \u00e7al\u0131\u015fmalar\u0131 d\u00fcn K\u00fclt\u00fcr Bakanl\u0131\u011f\u0131 Binas\u0131nda \u00e7al\u0131\u015fmalar\u0131na ba\u015flad\u0131.<\/p>\n<p>Komitede Suriye heyeti ba\u015fkan\u0131 K\u00fclt\u00fcr Bakan\u0131 L\u00fcbana M\u015fevvah iki \u00fclke aras\u0131ndaki k\u00fclt\u00fcrel, ekonomik, bilimsel, teknik ve enformatik ili\u015fkileri siyasi ili\u015fkiler d\u00fczeyine y\u00fckseltme gere\u011finin alt\u0131n\u0131 \u00e7izdi.<\/p>\n<p>Suriye&#8217;nin d\u00f6rt y\u0131ldan fazla bir zamand\u0131r Suriye halk\u0131n\u0131n ger\u00e7ek d\u00fc\u015fmanlar\u0131 taraf\u0131ndan kat\u0131 ekonomik yapt\u0131r\u0131mlara maruz kald\u0131\u011f\u0131na i\u015faret eden M\u015fevvah; t\u00fcm ko\u015fullara ra\u011fmen devlet kurumlar\u0131n\u0131n y\u00fcksek bir performansla \u00e7al\u0131\u015ft\u0131klar\u0131n\u0131 ve \u00fcstlerine d\u00fc\u015fen misyonu yerine getirmeye \u00e7abalad\u0131klar\u0131n\u0131 ifade etti.<\/p>\n<p><a href=\"http:\/\/sanasyria.org\/tr\/wp-content\/uploads\/2014\/06\/kore-2.jpg\"><img loading=\"lazy\" decoding=\"async\" class=\"alignright wp-image-2953 size-full\" src=\"http:\/\/sanasyria.org\/tr\/wp-content\/uploads\/2014\/06\/kore-2.jpg\" alt=\"kore 2\" width=\"400\" height=\"269\" srcset=\"https:\/\/archive.sana.sy\/tr\/wp-content\/uploads\/2014\/06\/kore-2.jpg 400w, https:\/\/archive.sana.sy\/tr\/wp-content\/uploads\/2014\/06\/kore-2-150x100.jpg 150w, https:\/\/archive.sana.sy\/tr\/wp-content\/uploads\/2014\/06\/kore-2-300x201.jpg 300w\" sizes=\"auto, (max-width: 400px) 100vw, 400px\" \/><\/a>M\u015fevvah Suriye&#8217;nin sa\u011fl\u0131\u011f\u0131na kavu\u015fma yolunda emin ad\u0131mlarla ilerledi\u011fine dikkat \u00e7ekerken, yeniden yap\u0131lanma s\u00fcrecinde bir dizi projenin hayata ge\u00e7irilece\u011fini belirtti. Bu projelerde dost devletler ve bu devletlerden uzman \u015firketlerin Suriye halk\u0131na yard\u0131m edece\u011fine i\u015faret eden M\u015fevvah; Koreli \u015firketleri bu ba\u011flamda sunumlar takdim etmelerine \u00e7a\u011f\u0131rd\u0131.<\/p>\n<p>Demokratik Kore D\u0131\u015f Ticaret Bakan\u0131 ve oturumlarda Koreli heyetin ba\u015fkan\u0131 Ri Ryong Nam \u00fclkesinin Suriye&#8217;de ekonomik ve sanayi projeleri hayata ge\u00e7irme arzusunda oldu\u011funu belirtti.<\/p>\n<p>Koreli bakan Suriye ve halk\u0131n\u0131 hedef alan evrensel sava\u015fa ra\u011fmen onurlu bir m\u00fccadele veren Suriye halk\u0131n\u0131n mutlaka bu sava\u015fta zafer kazanaca\u011f\u0131na inand\u0131\u011f\u0131n\u0131 ifade etti.<\/p>\n<p>&nbsp;<\/p>\n","protected":false},"excerpt":{"rendered":"<p>\u015eAM \u2013 Suriye Demokratik Kore Karma Ekonomi Komitesinin dokuzuncu d\u00f6nem \u00e7al\u0131\u015fmalar\u0131 d\u00fcn K\u00fclt\u00fcr Bakanl\u0131\u011f\u0131 Binas\u0131nda \u00e7al\u0131\u015fmalar\u0131na ba\u015flad\u0131. Komitede Suriye heyeti ba\u015fkan\u0131 K\u00fclt\u00fcr Bakan\u0131 L\u00fcbana M\u015fevvah iki \u00fclke aras\u0131ndaki k\u00fclt\u00fcrel, ekonomik, bilimsel, teknik ve enformatik ili\u015fkileri siyasi ili\u015fkiler d\u00fczeyine y\u00fckseltme gere\u011finin alt\u0131n\u0131 \u00e7izdi. Suriye&#8217;nin d\u00f6rt y\u0131ldan fazla bir zamand\u0131r Suriye halk\u0131n\u0131n ger\u00e7ek d\u00fc\u015fmanlar\u0131 taraf\u0131ndan kat\u0131 ekonomik &hellip;<\/p>\n","protected":false},"author":1,"featured_media":2952,"comment_status":"closed","ping_status":"closed","sticky":false,"template":"","format":"standard","meta":{"footnotes":""},"categories":[485,486],"tags":[658],"class_list":["post-2951","post","type-post","status-publish","format-standard","has-post-thumbnail","","category-is-ve-sermaye","category-haberler-is-ve-sermaye","tag-suriye-sagligina-kavusma-yolunda-ilerliyor"],"_links":{"self":[{"href":"https:\/\/archive.sana.sy\/tr\/index.php?rest_route=\/wp\/v2\/posts\/2951","targetHints":{"allow":["GET"]}}],"collection":[{"href":"https:\/\/archive.sana.sy\/tr\/index.php?rest_route=\/wp\/v2\/posts"}],"about":[{"href":"https:\/\/archive.sana.sy\/tr\/index.php?rest_route=\/wp\/v2\/types\/post"}],"author":[{"embeddable":true,"href":"https:\/\/archive.sana.sy\/tr\/index.php?rest_route=\/wp\/v2\/users\/1"}],"replies":[{"embeddable":true,"href":"https:\/\/archive.sana.sy\/tr\/index.php?rest_route=%2Fwp%2Fv2%2Fcomments&post=2951"}],"version-history":[{"count":0,"href":"https:\/\/archive.sana.sy\/tr\/index.php?rest_route=\/wp\/v2\/posts\/2951\/revisions"}],"wp:featuredmedia":[{"embeddable":true,"href":"https:\/\/archive.sana.sy\/tr\/index.php?rest_route=\/wp\/v2\/media\/2952"}],"wp:attachment":[{"href":"https:\/\/archive.sana.sy\/tr\/index.php?rest_route=%2Fwp%2Fv2%2Fmedia&parent=2951"}],"wp:term":[{"taxonomy":"category","embeddable":true,"href":"https:\/\/archive.sana.sy\/tr\/index.php?rest_route=%2Fwp%2Fv2%2Fcategories&post=2951"},{"taxonomy":"post_tag","embeddable":true,"href":"https:\/\/archive.sana.sy\/tr\/index.php?rest_route=%2Fwp%2Fv2%2Ftags&post=2951"}],"curies":[{"name":"wp","href":"https:\/\/api.w.org\/{rel}","templated":true}]}}