{"id":295109,"date":"2024-01-13T11:00:22","date_gmt":"2024-01-13T08:00:22","guid":{"rendered":"https:\/\/sana.sy\/tr\/?p=295109"},"modified":"2024-01-14T08:35:27","modified_gmt":"2024-01-14T05:35:27","slug":"israilin-gazze-seridinde-99uncu-gununde-devam-eden-saldirganligi-sonucu-onlarca-sehit-ve-yarali","status":"publish","type":"post","link":"https:\/\/archive.sana.sy\/tr\/?p=295109","title":{"rendered":"\u0130srail&#8217;in Gazze \u015eeridi&#8217;nde 99&#8217;uncu G\u00fcn\u00fcnde Devam Eden Sald\u0131rganl\u0131\u011f\u0131 Sonucu Onlarca \u015eehit Ve Yaral\u0131"},"content":{"rendered":"<p style=\"text-align: justify;\"><strong>\u0130\u015eGAL ED\u0130LEN KUD\u00dcS 13 OCAK (SANA)<\/strong> \u2013\u00a0 Gazze \u015eeridi&#8217;nin \u00e7e\u015fitli yerlerine 99&#8217;uncu g\u00fcn\u00fcnde aral\u0131ks\u0131z devam eden i\u015fgal bombard\u0131man\u0131nda onlarca Filistinli \u015fehit oldu, \u00e7ok say\u0131da ki\u015fi de yaraland\u0131.<\/p>\n<p style=\"text-align: justify;\">Filistin medyas\u0131, i\u015fgal u\u00e7aklar\u0131n\u0131n bug\u00fcn \u015fafak vakti Gazze&#8217;nin El Darac \u00a0mahallesindeki bir evi bombalamas\u0131 sonucu 20 Filistinlinin \u015fehit oldu\u011funu bildirdi. Han Yunus&#8217;un merkezi ve g\u00fcneyindeki \u015fiddetli top\u00e7u bombard\u0131man\u0131 sonucu \u00e7ok say\u0131da yaral\u0131 Nasser Hastanesi&#8217;ne ula\u015ft\u0131.<\/p>\n<p style=\"text-align: justify;\">\u0130\u015fgal u\u00e7aklar\u0131, Han Yunus \u015fehrinin g\u00fcneydo\u011fusundaki Kazzan el-Najjar&#8217;a ve Gazze \u015eeridi&#8217;nin merkezindeki bir\u00e7ok eve \u015fiddetli bombard\u0131man d\u00fczenledi; bu, onlarca ki\u015finin \u00f6l\u00fcm\u00fcne ve di\u011ferlerinin de yaralanmas\u0131na yol a\u00e7t\u0131. Enkaz alt\u0131nda h\u00e2l\u00e2 kay\u0131p ki\u015filer var.<\/p>\n<p style=\"text-align: justify;\">Gazze \u015eeridi&#8217;nin merkezindeki Do\u011fu Deir El Balah, Nuseyrat, El Megazi ve El Aksa \u015eehitleri Hastanesi civar\u0131 da \u0130srail i\u015fgalinin \u015fiddetli bombard\u0131man\u0131na tan\u0131k oldu.<\/p>\n<p style=\"text-align: justify;\">\u0130\u015fgal u\u00e7aklar\u0131n\u0131n Gazze \u015eeridi&#8217;nin kuzeyindeki Beyt Lahia&#8217;daki yerle\u015fim yerlerini bombalamas\u0131 sonucu 3 Filistinli \u015fehit oldu.<\/p>\n<p style=\"text-align: justify;\">\u0130kinci g\u00fcn, devam eden sald\u0131rganl\u0131k nedeniyle Gazze \u015eeridi&#8217;yle ileti\u015fim ve internet hizmetlerinde tamamen kesinti devam ediyor ve ileti\u015fim sekt\u00f6r\u00fc s\u00fcrekli hedeflemeden zarar g\u00f6r\u00fcyor. Teknik ekiplerin \u00e7al\u0131\u015fmalar\u0131n\u0131 y\u00fcr\u00fct\u00fcrken do\u011frudan hedef al\u0131nmas\u0131n\u0131n yan\u0131 s\u0131ra, y\u0131k\u0131m\u0131n boyutu y\u00fczde 80&#8217;in \u00fczerine \u00e7\u0131kt\u0131.<\/p>\n<p style=\"text-align: justify;\">Filistin K\u0131z\u0131lay\u0131, Gazze \u015eeridi&#8217;nde \u00e7al\u0131\u015fan ekipleriyle ileti\u015fimin tamamen kesildi\u011fini duyurdu; bu durum, ekiplerinin ambulans hizmeti sa\u011flama ve yaral\u0131lara m\u00fcmk\u00fcn olan en k\u0131sa s\u00fcrede ula\u015fma konusunda kar\u015f\u0131la\u015ft\u0131\u011f\u0131 zorluklar\u0131 art\u0131r\u0131yor.<\/p>\n<p style=\"text-align: justify;\">\u0130srail sald\u0131r\u0131s\u0131n\u0131n ba\u015flad\u0131\u011f\u0131 7 Ekim&#8217;den bu yana \u015fehit say\u0131s\u0131 23 bin 708&#8217;e y\u00fckseldi. Ayr\u0131ca 60.000&#8217;den fazla ki\u015fi yaraland\u0131 ve binlercesi kay\u0131pt\u0131.<\/p>\n<p style=\"text-align: center;\"><strong><a href=\"https:\/\/t.me\/SuriyeArapHaberAjansI\">Telegram Kanal\u0131m\u0131z\u00a0<\/a>||<a href=\"https:\/\/twitter.com\/arap_ajans\">X Platformumuz\u00a0<\/a>||<a href=\"https:\/\/www.facebook.com\/SANAHaberAjansi\/\">Facebook Sayfam\u0131z<\/a><\/strong><\/p>\n","protected":false},"excerpt":{"rendered":"<p>\u0130\u015eGAL ED\u0130LEN KUD\u00dcS 13 OCAK (SANA) \u2013\u00a0 Gazze \u015eeridi&#8217;nin \u00e7e\u015fitli yerlerine 99&#8217;uncu g\u00fcn\u00fcnde aral\u0131ks\u0131z devam eden i\u015fgal bombard\u0131man\u0131nda onlarca Filistinli \u015fehit oldu, \u00e7ok say\u0131da ki\u015fi de yaraland\u0131. Filistin medyas\u0131, i\u015fgal u\u00e7aklar\u0131n\u0131n bug\u00fcn \u015fafak vakti Gazze&#8217;nin El Darac \u00a0mahallesindeki bir evi bombalamas\u0131 sonucu 20 Filistinlinin \u015fehit oldu\u011funu bildirdi. Han Yunus&#8217;un merkezi ve g\u00fcneyindeki \u015fiddetli top\u00e7u bombard\u0131man\u0131 &hellip;<\/p>\n","protected":false},"author":41,"featured_media":295110,"comment_status":"closed","ping_status":"closed","sticky":false,"template":"","format":"standard","meta":{"footnotes":""},"categories":[458,459,17988],"tags":[],"class_list":["post-295109","post","type-post","status-publish","format-standard","has-post-thumbnail","","category-dunya1","category-haberler-arap-uluslararasi-politika","category-son-haberler"],"_links":{"self":[{"href":"https:\/\/archive.sana.sy\/tr\/index.php?rest_route=\/wp\/v2\/posts\/295109","targetHints":{"allow":["GET"]}}],"collection":[{"href":"https:\/\/archive.sana.sy\/tr\/index.php?rest_route=\/wp\/v2\/posts"}],"about":[{"href":"https:\/\/archive.sana.sy\/tr\/index.php?rest_route=\/wp\/v2\/types\/post"}],"author":[{"embeddable":true,"href":"https:\/\/archive.sana.sy\/tr\/index.php?rest_route=\/wp\/v2\/users\/41"}],"replies":[{"embeddable":true,"href":"https:\/\/archive.sana.sy\/tr\/index.php?rest_route=%2Fwp%2Fv2%2Fcomments&post=295109"}],"version-history":[{"count":1,"href":"https:\/\/archive.sana.sy\/tr\/index.php?rest_route=\/wp\/v2\/posts\/295109\/revisions"}],"predecessor-version":[{"id":295111,"href":"https:\/\/archive.sana.sy\/tr\/index.php?rest_route=\/wp\/v2\/posts\/295109\/revisions\/295111"}],"wp:featuredmedia":[{"embeddable":true,"href":"https:\/\/archive.sana.sy\/tr\/index.php?rest_route=\/wp\/v2\/media\/295110"}],"wp:attachment":[{"href":"https:\/\/archive.sana.sy\/tr\/index.php?rest_route=%2Fwp%2Fv2%2Fmedia&parent=295109"}],"wp:term":[{"taxonomy":"category","embeddable":true,"href":"https:\/\/archive.sana.sy\/tr\/index.php?rest_route=%2Fwp%2Fv2%2Fcategories&post=295109"},{"taxonomy":"post_tag","embeddable":true,"href":"https:\/\/archive.sana.sy\/tr\/index.php?rest_route=%2Fwp%2Fv2%2Ftags&post=295109"}],"curies":[{"name":"wp","href":"https:\/\/api.w.org\/{rel}","templated":true}]}}