{"id":295113,"date":"2024-01-13T09:13:05","date_gmt":"2024-01-13T06:13:05","guid":{"rendered":"https:\/\/sana.sy\/tr\/?p=295113"},"modified":"2024-01-14T08:31:27","modified_gmt":"2024-01-14T05:31:27","slug":"suriyenin-milli-futbol-takimi-asya-kupasina-katiliminin-acilisinda-ozbek-mevkidasiyla-bulustu","status":"publish","type":"post","link":"https:\/\/archive.sana.sy\/tr\/?p=295113","title":{"rendered":"Suriye&#8217;nin Milli Futbol Tak\u0131m\u0131, Asya Kupas\u0131&#8217;na Kat\u0131l\u0131m\u0131n\u0131n A\u00e7\u0131l\u0131\u015f\u0131nda \u00d6zbek Mevkida\u015f\u0131yla Bulu\u015ftu"},"content":{"rendered":"<p style=\"text-align: justify;\"><strong>DOHA 13 OCAK (SANA) &#8211;<\/strong> Suriye milli futbol tak\u0131m\u0131, Asya Kupas\u0131&#8217;na kat\u0131l\u0131m\u0131n\u0131 bug\u00fcn saat 20.30&#8217;da Katar&#8217;\u0131n ba\u015fkenti Doha&#8217;daki Casim bin Hamad Stadyumu&#8217;nda \u00d6zbek milli tak\u0131m\u0131yla kar\u015f\u0131la\u015farak a\u00e7acak.<\/p>\n<p style=\"text-align: justify;\">Bu ma\u00e7\u0131n haz\u0131rl\u0131klar\u0131n\u0131 tamamlayan tak\u0131m\u0131m\u0131z, ilk \u00fc\u00e7 puan\u0131 alarak tarihinde ilk kez turnuvada ikinci tura y\u00fckselme yolunda yoluna devam edecek. Bilindi\u011fi gibi daha \u00f6nce alt\u0131 kez kat\u0131lm\u0131\u015f ve ikinci tura \u00e7\u0131kamam\u0131\u015ft\u0131.<\/p>\n<p style=\"text-align: center;\"><strong><a href=\"https:\/\/t.me\/SuriyeArapHaberAjansI\">Telegram Kanal\u0131m\u0131z\u00a0<\/a>||<a href=\"https:\/\/twitter.com\/arap_ajans\">X Platformumuz\u00a0<\/a>||<a href=\"https:\/\/www.facebook.com\/SANAHaberAjansi\/\">Facebook Sayfam\u0131z<\/a><\/strong><\/p>\n","protected":false},"excerpt":{"rendered":"<p>DOHA 13 OCAK (SANA) &#8211; Suriye milli futbol tak\u0131m\u0131, Asya Kupas\u0131&#8217;na kat\u0131l\u0131m\u0131n\u0131 bug\u00fcn saat 20.30&#8217;da Katar&#8217;\u0131n ba\u015fkenti Doha&#8217;daki Casim bin Hamad Stadyumu&#8217;nda \u00d6zbek milli tak\u0131m\u0131yla kar\u015f\u0131la\u015farak a\u00e7acak. Bu ma\u00e7\u0131n haz\u0131rl\u0131klar\u0131n\u0131 tamamlayan tak\u0131m\u0131m\u0131z, ilk \u00fc\u00e7 puan\u0131 alarak tarihinde ilk kez turnuvada ikinci tura y\u00fckselme yolunda yoluna devam edecek. Bilindi\u011fi gibi daha \u00f6nce alt\u0131 kez kat\u0131lm\u0131\u015f ve &hellip;<\/p>\n","protected":false},"author":41,"featured_media":295114,"comment_status":"closed","ping_status":"closed","sticky":false,"template":"","format":"standard","meta":{"footnotes":""},"categories":[458,498,459,17988,496],"tags":[40742,40741],"class_list":["post-295113","post","type-post","status-publish","format-standard","has-post-thumbnail","","category-dunya1","category-dunya-turnuvalari","category-haberler-arap-uluslararasi-politika","category-son-haberler","category-spor","tag-asya-kupasina-katiliminin-acilisinda-ozbek-mevkidasiyla-bulustu","tag-suriyenin-milli-futbol-takimi"],"_links":{"self":[{"href":"https:\/\/archive.sana.sy\/tr\/index.php?rest_route=\/wp\/v2\/posts\/295113","targetHints":{"allow":["GET"]}}],"collection":[{"href":"https:\/\/archive.sana.sy\/tr\/index.php?rest_route=\/wp\/v2\/posts"}],"about":[{"href":"https:\/\/archive.sana.sy\/tr\/index.php?rest_route=\/wp\/v2\/types\/post"}],"author":[{"embeddable":true,"href":"https:\/\/archive.sana.sy\/tr\/index.php?rest_route=\/wp\/v2\/users\/41"}],"replies":[{"embeddable":true,"href":"https:\/\/archive.sana.sy\/tr\/index.php?rest_route=%2Fwp%2Fv2%2Fcomments&post=295113"}],"version-history":[{"count":1,"href":"https:\/\/archive.sana.sy\/tr\/index.php?rest_route=\/wp\/v2\/posts\/295113\/revisions"}],"predecessor-version":[{"id":295115,"href":"https:\/\/archive.sana.sy\/tr\/index.php?rest_route=\/wp\/v2\/posts\/295113\/revisions\/295115"}],"wp:featuredmedia":[{"embeddable":true,"href":"https:\/\/archive.sana.sy\/tr\/index.php?rest_route=\/wp\/v2\/media\/295114"}],"wp:attachment":[{"href":"https:\/\/archive.sana.sy\/tr\/index.php?rest_route=%2Fwp%2Fv2%2Fmedia&parent=295113"}],"wp:term":[{"taxonomy":"category","embeddable":true,"href":"https:\/\/archive.sana.sy\/tr\/index.php?rest_route=%2Fwp%2Fv2%2Fcategories&post=295113"},{"taxonomy":"post_tag","embeddable":true,"href":"https:\/\/archive.sana.sy\/tr\/index.php?rest_route=%2Fwp%2Fv2%2Ftags&post=295113"}],"curies":[{"name":"wp","href":"https:\/\/api.w.org\/{rel}","templated":true}]}}