{"id":295180,"date":"2024-01-14T16:09:56","date_gmt":"2024-01-14T13:09:56","guid":{"rendered":"https:\/\/sana.sy\/tr\/?p=295180"},"modified":"2024-01-16T08:01:36","modified_gmt":"2024-01-16T05:01:36","slug":"gazze-seridine-yonelik-devam-eden-isgalci-israilin-saldirganligi-sonucu-sehitler-ve-yaralilar","status":"publish","type":"post","link":"https:\/\/archive.sana.sy\/tr\/?p=295180","title":{"rendered":"Gazze \u015eeridi&#8217;ne Y\u00f6nelik Devam Eden \u0130\u015fgalci \u0130srail\u2019in Sald\u0131rganl\u0131\u011f\u0131 Sonucu \u015eehitler Ve Yaral\u0131lar"},"content":{"rendered":"<p style=\"text-align: justify;\"><strong>\u0130\u015eGALE D\u0130LEN KUD\u00dcS 14 OCAK (SANA)<\/strong> &#8211; \u0130srail&#8217;in i\u015fgal alt\u0131ndaki Gazze \u015eeridi&#8217;ne y\u00f6nelik 100. g\u00fcn\u00fcnde devam eden\u00a0 sald\u0131rganl\u0131\u011f\u0131 sonucu onlarca Filistinli \u015fehit oldu, \u00e7ok say\u0131da ki\u015fi de yaraland\u0131.<\/p>\n<p style=\"text-align: justify;\">Filistin medyas\u0131, \u2018\u2019\u0130\u015fgalci son birka\u00e7 saat i\u00e7inde Gazze&#8217;nin merkezindeki El Darac\u00a0 semtindeki \u00fc\u00e7 katl\u0131 bir evi en az iki f\u00fczeyle bombalayarak 50 Filistinlinin \u00f6l\u00fcm\u00fcne, 50 Filistinlinin de yaralanmas\u0131na yol a\u00e7an yeni bir katliama imza att\u0131. Bu arada top\u00e7u birlikleri kentteki El Sabra ve El Zeytun mahallelerini bombalayarak 5 Filistinliyi \u00f6ld\u00fcrd\u00fc, 10 ki\u015fiyi de yaralad\u0131\u2019\u2019 dedi.<\/p>\n<p style=\"text-align: justify;\">\u0130\u015fgal top\u00e7ular\u0131 ve botlar\u0131, Gazze \u015eehri&#8217;nin g\u00fcneybat\u0131s\u0131ndaki Tel el-Hawa ve \u015eeyh Ajlin b\u00f6lgesindeki Filistinlilerin evlerini \u00e7ok say\u0131da top mermisiyle bombalarken, g\u00fc\u00e7leri g\u00fcneydeki Route 10 yak\u0131nlar\u0131nda \u00e7ok say\u0131da evi havaya u\u00e7urdu. U\u00e7aklar\u0131 C\u00fchr el-Dik b\u00f6lgesine ba\u015fka bask\u0131nlar da ba\u015flatt\u0131.<\/p>\n<p style=\"text-align: justify;\">Gazze \u015eeridi&#8217;nin g\u00fcneyinde ise i\u015fgalci g\u00fc\u00e7ler, Han Yunus \u015fehrinin merkezi, do\u011fusu ve bat\u0131s\u0131ndaki evlere d\u00fczenledi\u011fi bir dizi bask\u0131nla ba\u015fka katliamlara da imza att\u0131 ve 30&#8217;dan fazla \u015fehit verdi.<\/p>\n<p style=\"text-align: justify;\">\u00a0Refah&#8217;\u0131n merkezinde iki ev ile \u015fehre giden bat\u0131 yolu \u00fczerindeki bir arac\u0131n bombalanmas\u0131 sonucu \u00e7o\u011fu yerinden edilmi\u015f 23 ki\u015fi de \u015fehit oldu. Bu arada kent merkezindeki Berbera kamp\u0131ndaki bir eve d\u00fczenlenen bask\u0131nda \u00e7o\u011fu \u00e7ocuk onlarca ki\u015fi yaraland\u0131.<\/p>\n<p style=\"text-align: justify;\">Gazze \u015eeridi&#8217;nin merkezinde, kamp\u0131n kuzey ve do\u011fusundaki b\u00f6lgelere top\u00e7u ve u\u00e7ak bombard\u0131man\u0131n\u0131n devam etti\u011fi El Savara b\u00f6lgesindeki Nuseyrat kamp\u0131n\u0131n bat\u0131s\u0131nda bir evin i\u015fgal bombas\u0131 sonucu 3 Filistinli \u015fehit oldu.<\/p>\n<p style=\"text-align: justify;\">UNRWA klini\u011fi yak\u0131n\u0131nda devam eden top\u00e7u bombard\u0131man\u0131yla ayn\u0131 zamana denk gelen, i\u015fgal g\u00fc\u00e7lerinin ambulans ve kurtarma ekiplerinin yaral\u0131lara ula\u015fmas\u0131n\u0131 engelledi\u011fi Ma\u011fazi \u00a0ve El Bureyic kamplar\u0131na i\u015fgal taraf\u0131ndan d\u00fczenlenen bir ba\u015fka bask\u0131n sonucunda da 6 ki\u015fi \u015fehit oldu.\u00a0 Bu arada Deyr El Balah \u015fehrinin El Bassa ve El Baraka b\u00f6lgelerindeki evlere y\u00f6nelik bombal\u0131 sald\u0131r\u0131da da \u00e7ok say\u0131da \u015fehit ve yaralanma ya\u015fand\u0131.<\/p>\n<p style=\"text-align: justify;\">Filistin Sa\u011fl\u0131k Bakanl\u0131\u011f\u0131 d\u00fcn, Gazze \u015eeridi&#8217;nde 7 Ekim&#8217;den bu yana devam eden sald\u0131r\u0131larda \u00f6lenlerin say\u0131s\u0131n\u0131n 23 bin 843 \u015fehit ve 60 bin 317 yaral\u0131ya y\u00fckseldi\u011fini duyurmu\u015ftu.<\/p>\n<p style=\"text-align: center;\"><strong><a href=\"https:\/\/t.me\/SuriyeArapHaberAjansI\">Telegram Kanal\u0131m\u0131z\u00a0<\/a>||<a href=\"https:\/\/twitter.com\/arap_ajans\">X Platformumuz\u00a0<\/a>||<a href=\"https:\/\/www.facebook.com\/SANAHaberAjansi\/\">Facebook Sayfam\u0131z<\/a><\/strong><\/p>\n","protected":false},"excerpt":{"rendered":"<p>\u0130\u015eGALE D\u0130LEN KUD\u00dcS 14 OCAK (SANA) &#8211; \u0130srail&#8217;in i\u015fgal alt\u0131ndaki Gazze \u015eeridi&#8217;ne y\u00f6nelik 100. g\u00fcn\u00fcnde devam eden\u00a0 sald\u0131rganl\u0131\u011f\u0131 sonucu onlarca Filistinli \u015fehit oldu, \u00e7ok say\u0131da ki\u015fi de yaraland\u0131. Filistin medyas\u0131, \u2018\u2019\u0130\u015fgalci son birka\u00e7 saat i\u00e7inde Gazze&#8217;nin merkezindeki El Darac\u00a0 semtindeki \u00fc\u00e7 katl\u0131 bir evi en az iki f\u00fczeyle bombalayarak 50 Filistinlinin \u00f6l\u00fcm\u00fcne, 50 Filistinlinin de &hellip;<\/p>\n","protected":false},"author":41,"featured_media":295181,"comment_status":"closed","ping_status":"closed","sticky":false,"template":"","format":"standard","meta":{"footnotes":""},"categories":[458,459,17988],"tags":[40746,40319],"class_list":["post-295180","post","type-post","status-publish","format-standard","has-post-thumbnail","","category-dunya1","category-haberler-arap-uluslararasi-politika","category-son-haberler","tag-gazze-seridine-yonelik-devam-eden-isgalci-israilin-saldirganligi-sonucu-sehitler-ve-yaralilar","tag-gazzede-son-gelimeler"],"_links":{"self":[{"href":"https:\/\/archive.sana.sy\/tr\/index.php?rest_route=\/wp\/v2\/posts\/295180","targetHints":{"allow":["GET"]}}],"collection":[{"href":"https:\/\/archive.sana.sy\/tr\/index.php?rest_route=\/wp\/v2\/posts"}],"about":[{"href":"https:\/\/archive.sana.sy\/tr\/index.php?rest_route=\/wp\/v2\/types\/post"}],"author":[{"embeddable":true,"href":"https:\/\/archive.sana.sy\/tr\/index.php?rest_route=\/wp\/v2\/users\/41"}],"replies":[{"embeddable":true,"href":"https:\/\/archive.sana.sy\/tr\/index.php?rest_route=%2Fwp%2Fv2%2Fcomments&post=295180"}],"version-history":[{"count":5,"href":"https:\/\/archive.sana.sy\/tr\/index.php?rest_route=\/wp\/v2\/posts\/295180\/revisions"}],"predecessor-version":[{"id":295186,"href":"https:\/\/archive.sana.sy\/tr\/index.php?rest_route=\/wp\/v2\/posts\/295180\/revisions\/295186"}],"wp:featuredmedia":[{"embeddable":true,"href":"https:\/\/archive.sana.sy\/tr\/index.php?rest_route=\/wp\/v2\/media\/295181"}],"wp:attachment":[{"href":"https:\/\/archive.sana.sy\/tr\/index.php?rest_route=%2Fwp%2Fv2%2Fmedia&parent=295180"}],"wp:term":[{"taxonomy":"category","embeddable":true,"href":"https:\/\/archive.sana.sy\/tr\/index.php?rest_route=%2Fwp%2Fv2%2Fcategories&post=295180"},{"taxonomy":"post_tag","embeddable":true,"href":"https:\/\/archive.sana.sy\/tr\/index.php?rest_route=%2Fwp%2Fv2%2Ftags&post=295180"}],"curies":[{"name":"wp","href":"https:\/\/api.w.org\/{rel}","templated":true}]}}