{"id":295187,"date":"2024-01-14T17:25:43","date_gmt":"2024-01-14T14:25:43","guid":{"rendered":"https:\/\/sana.sy\/tr\/?p=295187"},"modified":"2024-01-16T08:01:53","modified_gmt":"2024-01-16T05:01:53","slug":"arnus-suriye-moritanya-parlamentosu-kardeslik-komitesi-baskani-ile-gorustu","status":"publish","type":"post","link":"https:\/\/archive.sana.sy\/tr\/?p=295187","title":{"rendered":"Arnus, Suriye-Moritanya Parlamentosu Karde\u015flik Komitesi Ba\u015fkan\u0131 \u0130le G\u00f6r\u00fc\u015ft\u00fc"},"content":{"rendered":"<p style=\"text-align: justify;\"><strong>\u015eAM 14 OCAK (SANA)<\/strong> &#8211; Ba\u015fbakan H\u00fcseyin Arnous bug\u00fcn Suriye-Moritanya Parlamento Karde\u015flik Komitesi Ba\u015fkan\u0131 Eldah Suheyb ile bir araya geldi.<\/p>\n<p style=\"text-align: justify;\">Ba\u015fbakan Arnus , Suriye ve Moritanya&#8217;n\u0131n, kendi i\u015flerini y\u00f6netebilen ve halklar\u0131n\u0131n isteklerini ger\u00e7ekle\u015ftirecek \u015fekilde \u00e7\u0131karlar\u0131n\u0131 y\u00f6nlendirebilen k\u00f6kl\u00fc kurumlara sahip oldu\u011funu kaydederek, Arap parlamentolar\u0131 aras\u0131ndaki karde\u015flik komitelerinin \u00e7ok \u00f6nemli oldu\u011funu, \u00e7\u00fcnk\u00fc onu y\u00f6neten ko\u015fullar ne kadar de\u011fi\u015firse de\u011fi\u015fsin karde\u015fli\u011fin de\u011fi\u015femeyece\u011fini a\u00e7\u0131klad\u0131.<\/p>\n<p style=\"text-align: justify;\">Ba\u015fbakan Arnus\u00a0 ayr\u0131ca, ortak h\u00fck\u00fcmet komitesinin \u00e7al\u0131\u015fmalar\u0131n\u0131n etkinle\u015ftirilmesi ve iki karde\u015f \u00fclke aras\u0131nda imzalanan i\u015fbirli\u011fi belgelerinin uygulamaya ge\u00e7mesi gerekti\u011fine dikkat \u00e7ekerek, Suriye h\u00fck\u00fcmetinin, iki \u00fclke aras\u0131ndaki ekonomik i\u015fbirli\u011fi dosyas\u0131n\u0131n ileriye ta\u015f\u0131nmas\u0131na temel te\u015fkil etmesi amac\u0131yla ortak komitenin en k\u0131sa s\u00fcrede toplanmas\u0131 arzusunu ifade etti.<\/p>\n<p style=\"text-align: justify;\">Suriye&#8217;nin, ister bal\u0131k \u00fcr\u00fcnleri tedariki olsun, ister ortak g\u0131da end\u00fcstrisi projeleri olu\u015fturmak olsun, bal\u0131k\u00e7\u0131l\u0131k sekt\u00f6r\u00fcnde Moritanya&#8217;n\u0131n deneyiminden yararlanma arzusuna dikkat \u00e7eken Arnus, karde\u015flik Komitesi&#8217;nin etkin hale getirilmesi, ortak i\u015fbirli\u011fi dosyalar\u0131n\u0131n ta\u015f\u0131nmas\u0131 ve parlamenter \u00e7er\u00e7eveden h\u00fck\u00fcmet \u00e7er\u00e7evesine ge\u00e7ilebilmesi i\u00e7in her t\u00fcrl\u00fc \u00e7aba ve \u00f6neriyi memnuniyetle kar\u015f\u0131lad\u0131\u011f\u0131n\u0131 ifade etti.<\/p>\n<p style=\"text-align: justify;\">Ba\u015fbakan, Suriye&#8217;nin, ortak Arap eylemini harekete ge\u00e7irme s\u00fcrecine hizmet edecek \u015fekilde Arap \u00fclkeleriyle ekonomik ortakl\u0131\u011f\u0131 ve ticari al\u0131\u015fveri\u015fi g\u00fc\u00e7lendirme \u00e7abas\u0131n\u0131\u00a0 da vurgulad\u0131.<\/p>\n<p style=\"text-align: justify;\">Suheyb ise, \u00fclkesinin kar\u015f\u0131la\u015ft\u0131\u011f\u0131 zorluklarla m\u00fccadelede Suriye&#8217;ye verdi\u011fi deste\u011fi yineledi ve iki karde\u015f halk\u0131n \u00e7\u0131karlar\u0131na hizmet eden ekonomik alanlar, y\u00fcksek \u00f6\u011frenim, sa\u011fl\u0131k ve di\u011fer hayati alanlarda ikili i\u015fbirli\u011finin g\u00fc\u00e7lendirilmesinin gereklili\u011fini vurgularken, iki \u00fclke aras\u0131ndaki tarihi ili\u015fkilere i\u015faret etti.<\/p>\n<p style=\"text-align: center;\"><strong><a href=\"https:\/\/t.me\/SuriyeArapHaberAjansI\">Telegram Kanal\u0131m\u0131z\u00a0<\/a>||<a href=\"https:\/\/twitter.com\/arap_ajans\">X Platformumuz\u00a0<\/a>||<a href=\"https:\/\/www.facebook.com\/SANAHaberAjansi\/\">Facebook Sayfam\u0131z<\/a><\/strong><\/p>\n","protected":false},"excerpt":{"rendered":"<p>\u015eAM 14 OCAK (SANA) &#8211; Ba\u015fbakan H\u00fcseyin Arnous bug\u00fcn Suriye-Moritanya Parlamento Karde\u015flik Komitesi Ba\u015fkan\u0131 Eldah Suheyb ile bir araya geldi. Ba\u015fbakan Arnus , Suriye ve Moritanya&#8217;n\u0131n, kendi i\u015flerini y\u00f6netebilen ve halklar\u0131n\u0131n isteklerini ger\u00e7ekle\u015ftirecek \u015fekilde \u00e7\u0131karlar\u0131n\u0131 y\u00f6nlendirebilen k\u00f6kl\u00fc kurumlara sahip oldu\u011funu kaydederek, Arap parlamentolar\u0131 aras\u0131ndaki karde\u015flik komitelerinin \u00e7ok \u00f6nemli oldu\u011funu, \u00e7\u00fcnk\u00fc onu y\u00f6neten ko\u015fullar ne kadar &hellip;<\/p>\n","protected":false},"author":41,"featured_media":295188,"comment_status":"closed","ping_status":"closed","sticky":false,"template":"","format":"standard","meta":{"footnotes":""},"categories":[479,17988,478],"tags":[38678,40747],"class_list":["post-295187","post","type-post","status-publish","format-standard","has-post-thumbnail","","category-haberler-yerel","category-son-haberler","category-yerel","tag-arnus","tag-suriye-moritanya-parlamentosu-kardeslik-komitesi-baskani-ile-gorustu"],"_links":{"self":[{"href":"https:\/\/archive.sana.sy\/tr\/index.php?rest_route=\/wp\/v2\/posts\/295187","targetHints":{"allow":["GET"]}}],"collection":[{"href":"https:\/\/archive.sana.sy\/tr\/index.php?rest_route=\/wp\/v2\/posts"}],"about":[{"href":"https:\/\/archive.sana.sy\/tr\/index.php?rest_route=\/wp\/v2\/types\/post"}],"author":[{"embeddable":true,"href":"https:\/\/archive.sana.sy\/tr\/index.php?rest_route=\/wp\/v2\/users\/41"}],"replies":[{"embeddable":true,"href":"https:\/\/archive.sana.sy\/tr\/index.php?rest_route=%2Fwp%2Fv2%2Fcomments&post=295187"}],"version-history":[{"count":1,"href":"https:\/\/archive.sana.sy\/tr\/index.php?rest_route=\/wp\/v2\/posts\/295187\/revisions"}],"predecessor-version":[{"id":295189,"href":"https:\/\/archive.sana.sy\/tr\/index.php?rest_route=\/wp\/v2\/posts\/295187\/revisions\/295189"}],"wp:featuredmedia":[{"embeddable":true,"href":"https:\/\/archive.sana.sy\/tr\/index.php?rest_route=\/wp\/v2\/media\/295188"}],"wp:attachment":[{"href":"https:\/\/archive.sana.sy\/tr\/index.php?rest_route=%2Fwp%2Fv2%2Fmedia&parent=295187"}],"wp:term":[{"taxonomy":"category","embeddable":true,"href":"https:\/\/archive.sana.sy\/tr\/index.php?rest_route=%2Fwp%2Fv2%2Fcategories&post=295187"},{"taxonomy":"post_tag","embeddable":true,"href":"https:\/\/archive.sana.sy\/tr\/index.php?rest_route=%2Fwp%2Fv2%2Ftags&post=295187"}],"curies":[{"name":"wp","href":"https:\/\/api.w.org\/{rel}","templated":true}]}}