{"id":295200,"date":"2024-01-14T22:40:51","date_gmt":"2024-01-14T19:40:51","guid":{"rendered":"https:\/\/sana.sy\/tr\/?p=295200"},"modified":"2024-01-16T08:02:16","modified_gmt":"2024-01-16T05:02:16","slug":"moritanya-parlamento-heyetine-sabbag-iki-ulke-arasindaki-iliskilerin-cesitli-alanlarda-guclendirilmesi-ihtiyaci","status":"publish","type":"post","link":"https:\/\/archive.sana.sy\/tr\/?p=295200","title":{"rendered":"Moritanya Parlamento Heyetine Sabba\u011f: \u0130ki \u00dclke Aras\u0131ndaki \u0130li\u015fkilerin \u00c7e\u015fitli Alanlarda G\u00fc\u00e7lendirilmesi \u0130htiyac\u0131"},"content":{"rendered":"<p style=\"text-align: justify;\"><strong>\u015eAM 14 OCAK (SANA)<\/strong> &#8211; Halk Meclisi Ba\u015fkan\u0131 Hammuda Sabba\u011f, bug\u00fcn Moritanya Ulusal Meclisi temsilcisi, Suriye-Moritanya Parlamenter Karde\u015flik Komitesi ba\u015fkan\u0131 Eldah Suheyb ve Moritanya&#8217;n\u0131n \u015eam B\u00fcy\u00fckel\u00e7ili\u011fi Maslahatg\u00fczar\u0131 Muhammed \u015eeyh Sambay ile bir araya geldi.<\/p>\n<p style=\"text-align: justify;\"><img loading=\"lazy\" decoding=\"async\" class=\"size-medium wp-image-295202 alignright\" src=\"http:\/\/sana.sy\/tr\/wp-content\/uploads\/2024\/01\/AMR_9688-copy-660x330-1-300x150.jpg\" alt=\"\" width=\"300\" height=\"150\" srcset=\"https:\/\/archive.sana.sy\/tr\/wp-content\/uploads\/2024\/01\/AMR_9688-copy-660x330-1-300x150.jpg 300w, https:\/\/archive.sana.sy\/tr\/wp-content\/uploads\/2024\/01\/AMR_9688-copy-660x330-1.jpg 660w\" sizes=\"auto, (max-width: 300px) 100vw, 300px\" \/>G\u00f6r\u00fc\u015fmede Sabba\u011f, Suriye ile Moritanya aras\u0131ndaki karde\u015flik ili\u015fkilerinin derinli\u011fini ve g\u00fcc\u00fcn\u00fc, bunlar\u0131n her alan\u0131 kapsayacak \u015fekilde daha da g\u00fc\u00e7lendirilmesi ve en \u00fcst seviyelere \u00e7\u0131kar\u0131lmas\u0131 gerekti\u011fini vurgulayarak, Moritanya&#8217;n\u0131n, \u00f6zellikle 13 y\u0131l \u00f6nce kendisine kar\u015f\u0131 ba\u015flat\u0131lan ter\u00f6r sava\u015f\u0131 kar\u015f\u0131s\u0131nda, b\u00f6lgesel ve uluslararas\u0131 forumlarda Suriye&#8217;yi ve onun hakl\u0131 davalar\u0131n\u0131 destekleyen tutumunu takdir etti.<\/p>\n<p style=\"text-align: justify;\">Suriye&#8217;nin Amerikan ve T\u00fcrk i\u015fgalciler taraf\u0131ndan maruz kald\u0131\u011f\u0131 zenginlik ve kabiliyetlerin ya\u011fmalanmas\u0131na ve Filistin&#8217;in maruz kald\u0131\u011f\u0131, onbinlerce masum Filistinli \u015fehidin hayat\u0131na mal olan barbar \u0130srail sald\u0131rganl\u0131\u011f\u0131na de\u011finen Sabba\u011f, \u00a0Filistin davas\u0131n\u0131 desteklemeye devam etme ihtiyac\u0131n\u0131 ve \u0130srail&#8217;in Filistin halk\u0131na y\u00f6nelik sald\u0131rganl\u0131\u011f\u0131n\u0131 durdurma \u00e7abalar\u0131n\u0131 iki kat\u0131na \u00e7\u0131karma ihtiyac\u0131n\u0131 vurgulad\u0131.<\/p>\n<p style=\"text-align: justify;\">Suheyb ise Suriye ile i\u015fbirli\u011finin ufuklar\u0131n\u0131 geni\u015fletmek ve ba\u015fta bilimsel ve k\u00fclt\u00fcrel olmak \u00fczere t\u00fcm alanlarda geli\u015ftirmek i\u00e7in \u00e7al\u0131\u015fman\u0131n \u00f6nemini yineledi.<\/p>\n<div id='gallery-1' class='gallery galleryid-295200 gallery-columns-3 gallery-size-full'><figure class='gallery-item'>\n\t\t\t<div class='gallery-icon landscape'>\n\t\t\t\t<a href='https:\/\/archive.sana.sy\/tr\/wp-content\/uploads\/2024\/01\/AMR_9682-copy-1.jpg'><img loading=\"lazy\" decoding=\"async\" width=\"660\" height=\"409\" src=\"https:\/\/archive.sana.sy\/tr\/wp-content\/uploads\/2024\/01\/AMR_9682-copy-1.jpg\" class=\"attachment-full size-full\" alt=\"\" srcset=\"https:\/\/archive.sana.sy\/tr\/wp-content\/uploads\/2024\/01\/AMR_9682-copy-1.jpg 660w, https:\/\/archive.sana.sy\/tr\/wp-content\/uploads\/2024\/01\/AMR_9682-copy-1-300x186.jpg 300w\" sizes=\"auto, (max-width: 660px) 100vw, 660px\" \/><\/a>\n\t\t\t<\/div><\/figure><figure class='gallery-item'>\n\t\t\t<div class='gallery-icon landscape'>\n\t\t\t\t<a href='https:\/\/archive.sana.sy\/tr\/wp-content\/uploads\/2024\/01\/AMR_9685-copy.jpg'><img loading=\"lazy\" decoding=\"async\" width=\"660\" height=\"402\" src=\"https:\/\/archive.sana.sy\/tr\/wp-content\/uploads\/2024\/01\/AMR_9685-copy.jpg\" class=\"attachment-full size-full\" alt=\"\" srcset=\"https:\/\/archive.sana.sy\/tr\/wp-content\/uploads\/2024\/01\/AMR_9685-copy.jpg 660w, https:\/\/archive.sana.sy\/tr\/wp-content\/uploads\/2024\/01\/AMR_9685-copy-300x183.jpg 300w\" sizes=\"auto, (max-width: 660px) 100vw, 660px\" \/><\/a>\n\t\t\t<\/div><\/figure><figure class='gallery-item'>\n\t\t\t<div class='gallery-icon landscape'>\n\t\t\t\t<a href='https:\/\/archive.sana.sy\/tr\/wp-content\/uploads\/2024\/01\/AMR_9703-copy.jpg'><img loading=\"lazy\" decoding=\"async\" width=\"660\" height=\"403\" src=\"https:\/\/archive.sana.sy\/tr\/wp-content\/uploads\/2024\/01\/AMR_9703-copy.jpg\" class=\"attachment-full size-full\" alt=\"\" srcset=\"https:\/\/archive.sana.sy\/tr\/wp-content\/uploads\/2024\/01\/AMR_9703-copy.jpg 660w, https:\/\/archive.sana.sy\/tr\/wp-content\/uploads\/2024\/01\/AMR_9703-copy-300x183.jpg 300w\" sizes=\"auto, (max-width: 660px) 100vw, 660px\" \/><\/a>\n\t\t\t<\/div><\/figure>\n\t\t<\/div>\n\n<p style=\"text-align: center;\"><strong><a href=\"https:\/\/t.me\/SuriyeArapHaberAjansI\">Telegram Kanal\u0131m\u0131z\u00a0<\/a>||<a href=\"https:\/\/twitter.com\/arap_ajans\">X Platformumuz\u00a0<\/a>||<a href=\"https:\/\/www.facebook.com\/SANAHaberAjansi\/\">Facebook Sayfam\u0131z<\/a><\/strong><\/p>\n","protected":false},"excerpt":{"rendered":"<p>\u015eAM 14 OCAK (SANA) &#8211; Halk Meclisi Ba\u015fkan\u0131 Hammuda Sabba\u011f, bug\u00fcn Moritanya Ulusal Meclisi temsilcisi, Suriye-Moritanya Parlamenter Karde\u015flik Komitesi ba\u015fkan\u0131 Eldah Suheyb ve Moritanya&#8217;n\u0131n \u015eam B\u00fcy\u00fckel\u00e7ili\u011fi Maslahatg\u00fczar\u0131 Muhammed \u015eeyh Sambay ile bir araya geldi. G\u00f6r\u00fc\u015fmede Sabba\u011f, Suriye ile Moritanya aras\u0131ndaki karde\u015flik ili\u015fkilerinin derinli\u011fini ve g\u00fcc\u00fcn\u00fc, bunlar\u0131n her alan\u0131 kapsayacak \u015fekilde daha da g\u00fc\u00e7lendirilmesi ve en &hellip;<\/p>\n","protected":false},"author":39,"featured_media":295207,"comment_status":"closed","ping_status":"closed","sticky":false,"template":"","format":"standard","meta":{"footnotes":""},"categories":[479,17988,478],"tags":[],"class_list":["post-295200","post","type-post","status-publish","format-standard","has-post-thumbnail","","category-haberler-yerel","category-son-haberler","category-yerel"],"_links":{"self":[{"href":"https:\/\/archive.sana.sy\/tr\/index.php?rest_route=\/wp\/v2\/posts\/295200","targetHints":{"allow":["GET"]}}],"collection":[{"href":"https:\/\/archive.sana.sy\/tr\/index.php?rest_route=\/wp\/v2\/posts"}],"about":[{"href":"https:\/\/archive.sana.sy\/tr\/index.php?rest_route=\/wp\/v2\/types\/post"}],"author":[{"embeddable":true,"href":"https:\/\/archive.sana.sy\/tr\/index.php?rest_route=\/wp\/v2\/users\/39"}],"replies":[{"embeddable":true,"href":"https:\/\/archive.sana.sy\/tr\/index.php?rest_route=%2Fwp%2Fv2%2Fcomments&post=295200"}],"version-history":[{"count":2,"href":"https:\/\/archive.sana.sy\/tr\/index.php?rest_route=\/wp\/v2\/posts\/295200\/revisions"}],"predecessor-version":[{"id":295229,"href":"https:\/\/archive.sana.sy\/tr\/index.php?rest_route=\/wp\/v2\/posts\/295200\/revisions\/295229"}],"wp:featuredmedia":[{"embeddable":true,"href":"https:\/\/archive.sana.sy\/tr\/index.php?rest_route=\/wp\/v2\/media\/295207"}],"wp:attachment":[{"href":"https:\/\/archive.sana.sy\/tr\/index.php?rest_route=%2Fwp%2Fv2%2Fmedia&parent=295200"}],"wp:term":[{"taxonomy":"category","embeddable":true,"href":"https:\/\/archive.sana.sy\/tr\/index.php?rest_route=%2Fwp%2Fv2%2Fcategories&post=295200"},{"taxonomy":"post_tag","embeddable":true,"href":"https:\/\/archive.sana.sy\/tr\/index.php?rest_route=%2Fwp%2Fv2%2Ftags&post=295200"}],"curies":[{"name":"wp","href":"https:\/\/api.w.org\/{rel}","templated":true}]}}