{"id":295208,"date":"2024-01-15T09:59:23","date_gmt":"2024-01-15T06:59:23","guid":{"rendered":"https:\/\/sana.sy\/tr\/?p=295208"},"modified":"2024-01-16T08:02:26","modified_gmt":"2024-01-16T05:02:26","slug":"bati-seriada-israil-isgal-guclerinin-kursunlariyla-iki-filistinli-yaralandi-digerleri-de-tutuklandi","status":"publish","type":"post","link":"https:\/\/archive.sana.sy\/tr\/?p=295208","title":{"rendered":"Bat\u0131 \u015eeria&#8217;da \u0130srail \u0130\u015fgal G\u00fc\u00e7lerinin Kur\u015funlar\u0131yla \u0130ki Filistinli Yaraland\u0131, Di\u011ferleri De Tutukland\u0131"},"content":{"rendered":"<p style=\"text-align: justify;\"><strong>\u0130\u015eGAL ED\u0130LEN KUD\u00dcS 15 OCAK 2024 (SANA) &#8211;<\/strong> Bat\u0131 \u015eeria&#8217;n\u0131n \u00e7e\u015fitli b\u00f6lgelerinde \u0130srail i\u015fgal g\u00fc\u00e7lerinin kur\u015funlar\u0131yla iki Filistinli yaraland\u0131, di\u011ferleri de tutukland\u0131.<\/p>\n<p style=\"text-align: justify;\">WAFA Haber Ajans\u0131, \u0130srail i\u015fgal g\u00fc\u00e7lerinin, Kalkila kentindeki El Marc b\u00f6lgesine bask\u0131n d\u00fczenleyerek Filistinlilere ve m\u00fclklerine sald\u0131rd\u0131\u011f\u0131n\u0131, iki Filistinliyi yaralad\u0131\u011f\u0131n\u0131, iki evi y\u0131kt\u0131\u011f\u0131n\u0131 ve b\u00f6lge sakinlerini yerinden etti\u011fini bildirdi.<\/p>\n<p style=\"text-align: justify;\">Ajans ayr\u0131ca, i\u015fgal g\u00fc\u00e7lerinin Nablus kentindeki El Nacah \u00dcniversitesi&#8217;ne bask\u0131n d\u00fczenledi\u011fini, \u00e7ok say\u0131da \u00f6\u011frenciyi tutuklad\u0131\u011f\u0131n\u0131, Cenin&#8217;in g\u00fcneydo\u011fusundaki El Zababdeh kasabas\u0131na bask\u0131n d\u00fczenleyip ve be\u015f ki\u015fiyi daha tutuklad\u0131\u011f\u0131na i\u015faret etti.<\/p>\n<p style=\"text-align: center;\"><strong><a href=\"https:\/\/t.me\/SuriyeArapHaberAjansI\">Telegram Kanal\u0131m\u0131z\u00a0<\/a>||<a href=\"https:\/\/twitter.com\/arap_ajans\">X Platformumuz\u00a0<\/a>||<a href=\"https:\/\/www.facebook.com\/SANAHaberAjansi\/\">Facebook Sayfam\u0131z<\/a><\/strong><\/p>\n","protected":false},"excerpt":{"rendered":"<p>\u0130\u015eGAL ED\u0130LEN KUD\u00dcS 15 OCAK 2024 (SANA) &#8211; Bat\u0131 \u015eeria&#8217;n\u0131n \u00e7e\u015fitli b\u00f6lgelerinde \u0130srail i\u015fgal g\u00fc\u00e7lerinin kur\u015funlar\u0131yla iki Filistinli yaraland\u0131, di\u011ferleri de tutukland\u0131. WAFA Haber Ajans\u0131, \u0130srail i\u015fgal g\u00fc\u00e7lerinin, Kalkila kentindeki El Marc b\u00f6lgesine bask\u0131n d\u00fczenleyerek Filistinlilere ve m\u00fclklerine sald\u0131rd\u0131\u011f\u0131n\u0131, iki Filistinliyi yaralad\u0131\u011f\u0131n\u0131, iki evi y\u0131kt\u0131\u011f\u0131n\u0131 ve b\u00f6lge sakinlerini yerinden etti\u011fini bildirdi. Ajans ayr\u0131ca, i\u015fgal g\u00fc\u00e7lerinin &hellip;<\/p>\n","protected":false},"author":39,"featured_media":295209,"comment_status":"closed","ping_status":"closed","sticky":false,"template":"","format":"standard","meta":{"footnotes":""},"categories":[458,459,17988],"tags":[],"class_list":["post-295208","post","type-post","status-publish","format-standard","has-post-thumbnail","","category-dunya1","category-haberler-arap-uluslararasi-politika","category-son-haberler"],"_links":{"self":[{"href":"https:\/\/archive.sana.sy\/tr\/index.php?rest_route=\/wp\/v2\/posts\/295208","targetHints":{"allow":["GET"]}}],"collection":[{"href":"https:\/\/archive.sana.sy\/tr\/index.php?rest_route=\/wp\/v2\/posts"}],"about":[{"href":"https:\/\/archive.sana.sy\/tr\/index.php?rest_route=\/wp\/v2\/types\/post"}],"author":[{"embeddable":true,"href":"https:\/\/archive.sana.sy\/tr\/index.php?rest_route=\/wp\/v2\/users\/39"}],"replies":[{"embeddable":true,"href":"https:\/\/archive.sana.sy\/tr\/index.php?rest_route=%2Fwp%2Fv2%2Fcomments&post=295208"}],"version-history":[{"count":1,"href":"https:\/\/archive.sana.sy\/tr\/index.php?rest_route=\/wp\/v2\/posts\/295208\/revisions"}],"predecessor-version":[{"id":295210,"href":"https:\/\/archive.sana.sy\/tr\/index.php?rest_route=\/wp\/v2\/posts\/295208\/revisions\/295210"}],"wp:featuredmedia":[{"embeddable":true,"href":"https:\/\/archive.sana.sy\/tr\/index.php?rest_route=\/wp\/v2\/media\/295209"}],"wp:attachment":[{"href":"https:\/\/archive.sana.sy\/tr\/index.php?rest_route=%2Fwp%2Fv2%2Fmedia&parent=295208"}],"wp:term":[{"taxonomy":"category","embeddable":true,"href":"https:\/\/archive.sana.sy\/tr\/index.php?rest_route=%2Fwp%2Fv2%2Fcategories&post=295208"},{"taxonomy":"post_tag","embeddable":true,"href":"https:\/\/archive.sana.sy\/tr\/index.php?rest_route=%2Fwp%2Fv2%2Ftags&post=295208"}],"curies":[{"name":"wp","href":"https:\/\/api.w.org\/{rel}","templated":true}]}}