{"id":295211,"date":"2024-01-15T11:52:15","date_gmt":"2024-01-15T08:52:15","guid":{"rendered":"https:\/\/sana.sy\/tr\/?p=295211"},"modified":"2024-01-16T08:26:49","modified_gmt":"2024-01-16T05:26:49","slug":"aksa-tufani-operasyonu-bugunun-en-one-cikan-gelismeleri-15","status":"publish","type":"post","link":"https:\/\/archive.sana.sy\/tr\/?p=295211","title":{"rendered":"Aksa Tufan\u0131 Operasyonu\u2026 Bug\u00fcn\u00fcn En \u00d6ne \u00c7\u0131kan Geli\u015fmeleri"},"content":{"rendered":"<p style=\"text-align: justify;\"><strong>\u0130\u015eGAL ED\u0130LEN KUD\u00dcS 15 OCAK 2024 (SANA) \u2013<\/strong>\u00a0Filistin direni\u015finin i\u015fgalci \u0130srail\u2019in sald\u0131rganl\u0131\u011f\u0131na yan\u0131t olarak 7 Ekim\u2019de ba\u015flatt\u0131\u011f\u0131 Aksa Tufan\u0131 Operasyonu\u2019nda \u00f6ne \u00e7\u0131kan geli\u015fmeler:<\/p>\n<ul>\n<li style=\"text-align: justify;\">Filistin medyas\u0131: \u0130srail i\u015fgal u\u00e7aklar\u0131n\u0131n Gazze \u015fehrinin do\u011fusundaki El Zeytun mahallesindeki bir evi bombalamas\u0131 sonucu 6 Filistinli \u00f6ld\u00fc, 11 ki\u015fi de yaraland\u0131.<\/li>\n<li style=\"text-align: justify;\"><a href=\"https:\/\/www.sana.sy\/tr\/?p=295230\">Beyit Hanun.. i\u015fgalin enkaza \u00e7evirdi\u011fi ve halk\u0131n\u0131n onu bir metanet efsanesi haline getirdi\u011fi bir \u015fehir.<\/a><\/li>\n<li style=\"text-align: justify;\">Slovakya D\u0131\u015fi\u015fleri Bakan\u0131 \u0130srail&#8217;in Gazze \u015eeridi&#8217;ne y\u00f6nelik sald\u0131rganl\u0131\u011f\u0131na son verilmesi \u00e7a\u011fr\u0131s\u0131nda bulundu.<\/li>\n<li style=\"text-align: justify;\"><a href=\"https:\/\/www.sana.sy\/tr\/?p=295221\">Gazze \u015eeridi&#8217;ne y\u00f6nelik devam eden i\u015fgal sald\u0131r\u0131s\u0131n\u0131n kurbanlar\u0131n\u0131n say\u0131s\u0131 24 bin 100 \u015fehit ve 60 bin 834 yaral\u0131ya y\u00fckseldi.<\/a><\/li>\n<li style=\"text-align: justify;\">Avrupa-Akdeniz G\u00f6zlemevi: \u0130\u015fgal yoluyla Gazze halk\u0131n\u0131n i\u00e7me suyundan mahrum b\u0131rak\u0131lmas\u0131 bir t\u00fcr soyk\u0131r\u0131md\u0131r.<\/li>\n<li style=\"text-align: justify;\">Filistin Sa\u011fl\u0131k Bakanl\u0131\u011f\u0131: \u0130srail i\u015fgalinin Gazze \u015eeridi&#8217;nde 101&#8217;inci g\u00fcn\u00fcnde s\u00fcrd\u00fcrd\u00fc\u011f\u00fc sald\u0131r\u0131da \u00f6lenlerin say\u0131s\u0131 24 bin 100 \u015fehit ve 60 bin 834 yaral\u0131ya y\u00fckseldi.<\/li>\n<li style=\"text-align: justify;\">Filistin Sa\u011fl\u0131k Bakanl\u0131\u011f\u0131: \u0130srail i\u015fgali son 24 saatte Gazze \u015eeridi&#8217;nde 12 katliam ger\u00e7ekle\u015ftirdi, 132 \u015fehit ve 252 ki\u015fi yaraland\u0131.<\/li>\n<li style=\"text-align: justify;\">Filistin medyas\u0131: \u0130srail i\u015fgal u\u00e7a\u011f\u0131n\u0131n Gazze&#8217;de bir evi bombalamas\u0131 sonucu 20&#8217;den fazla \u015fehit.<\/li>\n<li>\n<p style=\"text-align: justify;\">\u00a0Filistin medyas\u0131: \u0130srail i\u015fgal u\u00e7aklar\u0131n\u0131n Gazze \u015fehrinin do\u011fusundaki El Zaytun mahallesindeki bir evi bombalamas\u0131 sonucu \u015fehitler ve \u00e7ok say\u0131da yaral\u0131 var.<\/p>\n<\/li>\n<\/ul>\n<p style=\"text-align: center;\"><strong><a href=\"https:\/\/t.me\/SuriyeArapHaberAjansI\">Telegram Kanal\u0131m\u0131z\u00a0<\/a>||<a href=\"https:\/\/twitter.com\/arap_ajans\">X Platformumuz\u00a0<\/a>||<a href=\"https:\/\/www.facebook.com\/SANAHaberAjansi\/\">Facebook Sayfam\u0131z<\/a><\/strong><\/p>\n","protected":false},"excerpt":{"rendered":"<p>\u0130\u015eGAL ED\u0130LEN KUD\u00dcS 15 OCAK 2024 (SANA) \u2013\u00a0Filistin direni\u015finin i\u015fgalci \u0130srail\u2019in sald\u0131rganl\u0131\u011f\u0131na yan\u0131t olarak 7 Ekim\u2019de ba\u015flatt\u0131\u011f\u0131 Aksa Tufan\u0131 Operasyonu\u2019nda \u00f6ne \u00e7\u0131kan geli\u015fmeler: Filistin medyas\u0131: \u0130srail i\u015fgal u\u00e7aklar\u0131n\u0131n Gazze \u015fehrinin do\u011fusundaki El Zeytun mahallesindeki bir evi bombalamas\u0131 sonucu 6 Filistinli \u00f6ld\u00fc, 11 ki\u015fi de yaraland\u0131. Beyit Hanun.. i\u015fgalin enkaza \u00e7evirdi\u011fi ve halk\u0131n\u0131n onu bir metanet &hellip;<\/p>\n","protected":false},"author":39,"featured_media":295212,"comment_status":"closed","ping_status":"closed","sticky":false,"template":"","format":"standard","meta":{"footnotes":""},"categories":[458,459,17988],"tags":[],"class_list":["post-295211","post","type-post","status-publish","format-standard","has-post-thumbnail","","category-dunya1","category-haberler-arap-uluslararasi-politika","category-son-haberler"],"_links":{"self":[{"href":"https:\/\/archive.sana.sy\/tr\/index.php?rest_route=\/wp\/v2\/posts\/295211","targetHints":{"allow":["GET"]}}],"collection":[{"href":"https:\/\/archive.sana.sy\/tr\/index.php?rest_route=\/wp\/v2\/posts"}],"about":[{"href":"https:\/\/archive.sana.sy\/tr\/index.php?rest_route=\/wp\/v2\/types\/post"}],"author":[{"embeddable":true,"href":"https:\/\/archive.sana.sy\/tr\/index.php?rest_route=\/wp\/v2\/users\/39"}],"replies":[{"embeddable":true,"href":"https:\/\/archive.sana.sy\/tr\/index.php?rest_route=%2Fwp%2Fv2%2Fcomments&post=295211"}],"version-history":[{"count":7,"href":"https:\/\/archive.sana.sy\/tr\/index.php?rest_route=\/wp\/v2\/posts\/295211\/revisions"}],"predecessor-version":[{"id":295259,"href":"https:\/\/archive.sana.sy\/tr\/index.php?rest_route=\/wp\/v2\/posts\/295211\/revisions\/295259"}],"wp:featuredmedia":[{"embeddable":true,"href":"https:\/\/archive.sana.sy\/tr\/index.php?rest_route=\/wp\/v2\/media\/295212"}],"wp:attachment":[{"href":"https:\/\/archive.sana.sy\/tr\/index.php?rest_route=%2Fwp%2Fv2%2Fmedia&parent=295211"}],"wp:term":[{"taxonomy":"category","embeddable":true,"href":"https:\/\/archive.sana.sy\/tr\/index.php?rest_route=%2Fwp%2Fv2%2Fcategories&post=295211"},{"taxonomy":"post_tag","embeddable":true,"href":"https:\/\/archive.sana.sy\/tr\/index.php?rest_route=%2Fwp%2Fv2%2Ftags&post=295211"}],"curies":[{"name":"wp","href":"https:\/\/api.w.org\/{rel}","templated":true}]}}