{"id":295218,"date":"2024-01-15T08:02:42","date_gmt":"2024-01-15T05:02:42","guid":{"rendered":"https:\/\/sana.sy\/tr\/?p=295218"},"modified":"2024-01-16T08:02:21","modified_gmt":"2024-01-16T05:02:21","slug":"suriye-yuzme-takimi-katardaki-arap-sampiyonasinda-madalya-sayisini-12ye-cikardi","status":"publish","type":"post","link":"https:\/\/archive.sana.sy\/tr\/?p=295218","title":{"rendered":"Suriye Y\u00fczme Tak\u0131m\u0131 Katar&#8217;daki Arap \u015eampiyonas\u0131&#8217;nda Madalya Say\u0131s\u0131n\u0131 12&#8217;ye \u00c7\u0131kard\u0131"},"content":{"rendered":"<p style=\"text-align: justify;\"><strong>DOHA 15 OCAK (SANA)<\/strong> &#8211; Suriye y\u00fczme tak\u0131m\u0131, bug\u00fcn a\u00e7\u0131k deniz bayrak yar\u0131\u015f\u0131nda bronz madalya kazanarak Katar&#8217;da d\u00fczenlenen Arap \u015eampiyonas\u0131&#8217;nda madalya say\u0131s\u0131n\u0131 12&#8217;ye \u00e7\u0131kard\u0131.<\/p>\n<p style=\"text-align: justify;\">Bu madalyay\u0131 kazanan y\u00fcz\u00fcc\u00fclerimizden olu\u015fan tak\u0131m\u0131m\u0131z aras\u0131nda \u201cKenan Garib, Inana S\u00fcleyman, elma Hamad ve Osama Trabulsi\u201d yer ald\u0131.<\/p>\n<p style=\"text-align: center;\"><strong><a href=\"https:\/\/t.me\/SuriyeArapHaberAjansI\">Telegram Kanal\u0131m\u0131z\u00a0<\/a>||<a href=\"https:\/\/twitter.com\/arap_ajans\">X Platformumuz\u00a0<\/a>||<a href=\"https:\/\/www.facebook.com\/SANAHaberAjansi\/\">Facebook Sayfam\u0131z<\/a><\/strong><\/p>\n","protected":false},"excerpt":{"rendered":"<p>DOHA 15 OCAK (SANA) &#8211; Suriye y\u00fczme tak\u0131m\u0131, bug\u00fcn a\u00e7\u0131k deniz bayrak yar\u0131\u015f\u0131nda bronz madalya kazanarak Katar&#8217;da d\u00fczenlenen Arap \u015eampiyonas\u0131&#8217;nda madalya say\u0131s\u0131n\u0131 12&#8217;ye \u00e7\u0131kard\u0131. Bu madalyay\u0131 kazanan y\u00fcz\u00fcc\u00fclerimizden olu\u015fan tak\u0131m\u0131m\u0131z aras\u0131nda \u201cKenan Garib, Inana S\u00fcleyman, elma Hamad ve Osama Trabulsi\u201d yer ald\u0131. Telegram Kanal\u0131m\u0131z\u00a0||X Platformumuz\u00a0||Facebook Sayfam\u0131z<\/p>\n","protected":false},"author":41,"featured_media":295219,"comment_status":"closed","ping_status":"closed","sticky":false,"template":"","format":"standard","meta":{"footnotes":""},"categories":[458,498,459,17988,496],"tags":[],"class_list":["post-295218","post","type-post","status-publish","format-standard","has-post-thumbnail","","category-dunya1","category-dunya-turnuvalari","category-haberler-arap-uluslararasi-politika","category-son-haberler","category-spor"],"_links":{"self":[{"href":"https:\/\/archive.sana.sy\/tr\/index.php?rest_route=\/wp\/v2\/posts\/295218","targetHints":{"allow":["GET"]}}],"collection":[{"href":"https:\/\/archive.sana.sy\/tr\/index.php?rest_route=\/wp\/v2\/posts"}],"about":[{"href":"https:\/\/archive.sana.sy\/tr\/index.php?rest_route=\/wp\/v2\/types\/post"}],"author":[{"embeddable":true,"href":"https:\/\/archive.sana.sy\/tr\/index.php?rest_route=\/wp\/v2\/users\/41"}],"replies":[{"embeddable":true,"href":"https:\/\/archive.sana.sy\/tr\/index.php?rest_route=%2Fwp%2Fv2%2Fcomments&post=295218"}],"version-history":[{"count":1,"href":"https:\/\/archive.sana.sy\/tr\/index.php?rest_route=\/wp\/v2\/posts\/295218\/revisions"}],"predecessor-version":[{"id":295220,"href":"https:\/\/archive.sana.sy\/tr\/index.php?rest_route=\/wp\/v2\/posts\/295218\/revisions\/295220"}],"wp:featuredmedia":[{"embeddable":true,"href":"https:\/\/archive.sana.sy\/tr\/index.php?rest_route=\/wp\/v2\/media\/295219"}],"wp:attachment":[{"href":"https:\/\/archive.sana.sy\/tr\/index.php?rest_route=%2Fwp%2Fv2%2Fmedia&parent=295218"}],"wp:term":[{"taxonomy":"category","embeddable":true,"href":"https:\/\/archive.sana.sy\/tr\/index.php?rest_route=%2Fwp%2Fv2%2Fcategories&post=295218"},{"taxonomy":"post_tag","embeddable":true,"href":"https:\/\/archive.sana.sy\/tr\/index.php?rest_route=%2Fwp%2Fv2%2Ftags&post=295218"}],"curies":[{"name":"wp","href":"https:\/\/api.w.org\/{rel}","templated":true}]}}