{"id":295252,"date":"2024-01-15T10:41:15","date_gmt":"2024-01-15T07:41:15","guid":{"rendered":"https:\/\/sana.sy\/tr\/?p=295252"},"modified":"2024-01-16T08:02:29","modified_gmt":"2024-01-16T05:02:29","slug":"putin-ve-modi-telefonda-rusya-ile-hindistan-arasindaki-stratejik-iliskileri-guclendirme-konusunda-anlasti","status":"publish","type":"post","link":"https:\/\/archive.sana.sy\/tr\/?p=295252","title":{"rendered":"Putin Ve Modi Telefonda Rusya \u0130le Hindistan Aras\u0131ndaki Stratejik \u0130li\u015fkileri G\u00fc\u00e7lendirme Konusunda Anla\u015ft\u0131"},"content":{"rendered":"<p style=\"text-align: justify;\"><strong>MOSKOVA 15 OCAK (SANA)<\/strong> &#8211; Rusya Devlet Ba\u015fkan\u0131 Vladimir Putin ve Hindistan Ba\u015fbakan\u0131 Narendra Modi bug\u00fcn yapt\u0131klar\u0131 telefon g\u00f6r\u00fc\u015fmesinde stratejik ve ekonomik ortakl\u0131klar\u0131n\u0131 g\u00fc\u00e7lendirme konusundaki kararl\u0131l\u0131klar\u0131n\u0131 vurgulad\u0131lar.<\/p>\n<p style=\"text-align: justify;\">Rusya ba\u015fkanl\u0131\u011f\u0131 bug\u00fcn yapt\u0131\u011f\u0131 a\u00e7\u0131klamada, Putin ve Modi&#8217;nin Ukrayna&#8217;daki krize ili\u015fkin g\u00f6r\u00fc\u015f al\u0131\u015fveri\u015finde bulundu\u011funu belirterek, BRICS grubu \u00e7er\u00e7evesinde yakla\u015f\u0131mlar\u0131 yak\u0131n koordine etmeye haz\u0131r olduklar\u0131n\u0131 vurgulad\u0131.<\/p>\n<p style=\"text-align: justify;\">Buna kar\u015f\u0131l\u0131k Modi, \u00fclkesinin Rusya&#8217;n\u0131n BRICS grubu ba\u015fkanl\u0131\u011f\u0131n\u0131n ama\u00e7 ve hedeflerinin uygulanmas\u0131na m\u00fcmk\u00fcn olan her \u015fekilde katk\u0131da bulunmay\u0131 planlad\u0131\u011f\u0131n\u0131 belirtti.<\/p>\n<p style=\"text-align: justify;\">Rusya, bu y\u0131lki BRICS grubunun ba\u015fkanl\u0131\u011f\u0131 s\u0131ras\u0131nda \u00fc\u00e7 ana alanda i\u015f birli\u011fini geli\u015ftirmeyi planl\u0131yor: siyaset, ekonomi ve k\u00fclt\u00fcr.<\/p>\n<p style=\"text-align: center;\"><strong><a href=\"https:\/\/t.me\/SuriyeArapHaberAjansI\">Telegram Kanal\u0131m\u0131z\u00a0<\/a>||<a href=\"https:\/\/twitter.com\/arap_ajans\">X Platformumuz\u00a0<\/a>||<a href=\"https:\/\/www.facebook.com\/SANAHaberAjansi\/\">Facebook Sayfam\u0131z<\/a><\/strong><\/p>\n","protected":false},"excerpt":{"rendered":"<p>MOSKOVA 15 OCAK (SANA) &#8211; Rusya Devlet Ba\u015fkan\u0131 Vladimir Putin ve Hindistan Ba\u015fbakan\u0131 Narendra Modi bug\u00fcn yapt\u0131klar\u0131 telefon g\u00f6r\u00fc\u015fmesinde stratejik ve ekonomik ortakl\u0131klar\u0131n\u0131 g\u00fc\u00e7lendirme konusundaki kararl\u0131l\u0131klar\u0131n\u0131 vurgulad\u0131lar. Rusya ba\u015fkanl\u0131\u011f\u0131 bug\u00fcn yapt\u0131\u011f\u0131 a\u00e7\u0131klamada, Putin ve Modi&#8217;nin Ukrayna&#8217;daki krize ili\u015fkin g\u00f6r\u00fc\u015f al\u0131\u015fveri\u015finde bulundu\u011funu belirterek, BRICS grubu \u00e7er\u00e7evesinde yakla\u015f\u0131mlar\u0131 yak\u0131n koordine etmeye haz\u0131r olduklar\u0131n\u0131 vurgulad\u0131. Buna kar\u015f\u0131l\u0131k Modi, &hellip;<\/p>\n","protected":false},"author":41,"featured_media":295253,"comment_status":"closed","ping_status":"closed","sticky":false,"template":"","format":"standard","meta":{"footnotes":""},"categories":[458,459,17988],"tags":[],"class_list":["post-295252","post","type-post","status-publish","format-standard","has-post-thumbnail","","category-dunya1","category-haberler-arap-uluslararasi-politika","category-son-haberler"],"_links":{"self":[{"href":"https:\/\/archive.sana.sy\/tr\/index.php?rest_route=\/wp\/v2\/posts\/295252","targetHints":{"allow":["GET"]}}],"collection":[{"href":"https:\/\/archive.sana.sy\/tr\/index.php?rest_route=\/wp\/v2\/posts"}],"about":[{"href":"https:\/\/archive.sana.sy\/tr\/index.php?rest_route=\/wp\/v2\/types\/post"}],"author":[{"embeddable":true,"href":"https:\/\/archive.sana.sy\/tr\/index.php?rest_route=\/wp\/v2\/users\/41"}],"replies":[{"embeddable":true,"href":"https:\/\/archive.sana.sy\/tr\/index.php?rest_route=%2Fwp%2Fv2%2Fcomments&post=295252"}],"version-history":[{"count":1,"href":"https:\/\/archive.sana.sy\/tr\/index.php?rest_route=\/wp\/v2\/posts\/295252\/revisions"}],"predecessor-version":[{"id":295254,"href":"https:\/\/archive.sana.sy\/tr\/index.php?rest_route=\/wp\/v2\/posts\/295252\/revisions\/295254"}],"wp:featuredmedia":[{"embeddable":true,"href":"https:\/\/archive.sana.sy\/tr\/index.php?rest_route=\/wp\/v2\/media\/295253"}],"wp:attachment":[{"href":"https:\/\/archive.sana.sy\/tr\/index.php?rest_route=%2Fwp%2Fv2%2Fmedia&parent=295252"}],"wp:term":[{"taxonomy":"category","embeddable":true,"href":"https:\/\/archive.sana.sy\/tr\/index.php?rest_route=%2Fwp%2Fv2%2Fcategories&post=295252"},{"taxonomy":"post_tag","embeddable":true,"href":"https:\/\/archive.sana.sy\/tr\/index.php?rest_route=%2Fwp%2Fv2%2Ftags&post=295252"}],"curies":[{"name":"wp","href":"https:\/\/api.w.org\/{rel}","templated":true}]}}