{"id":295295,"date":"2024-01-16T16:00:13","date_gmt":"2024-01-16T13:00:13","guid":{"rendered":"https:\/\/sana.sy\/tr\/?p=295295"},"modified":"2024-01-19T08:46:27","modified_gmt":"2024-01-19T05:46:27","slug":"derada-elinde-patlayici-kemer-bulunan-isid-teror-orgutu-mensubu-olduruldu","status":"publish","type":"post","link":"https:\/\/archive.sana.sy\/tr\/?p=295295","title":{"rendered":"Dera&#8217;da Elinde Patlay\u0131c\u0131 Kemer Bulunan I\u015e\u0130D Ter\u00f6r \u00d6rg\u00fct\u00fc Mensubu \u00d6ld\u00fcr\u00fcld\u00fc"},"content":{"rendered":"<p style=\"text-align: justify;\"><strong>DERA 10 OCAK (SANA)<\/strong> &#8211; SANA&#8217;n\u0131n Dera muhabiri, g\u00fcvenlik birimlerinin, Dera kentinin do\u011fusundaki devriyelerden birinde patlay\u0131c\u0131 kemerle kendini havaya u\u00e7urmadan \u00f6nce bir I\u015e\u0130D ter\u00f6ristini ortadan kald\u0131rmay\u0131 ba\u015fard\u0131\u011f\u0131n\u0131 bildirdi.<\/p>\n<p style=\"text-align: justify;\">Muhabir, El Ka\u015fif mahallesinde patlay\u0131c\u0131 madde bulundu\u011funu ve m\u00fchendislik personeli taraf\u0131ndan patlat\u0131ld\u0131\u011f\u0131n\u0131 belirtti.<\/p>\n<p style=\"text-align: center;\"><strong><a href=\"https:\/\/t.me\/SuriyeArapHaberAjansI\">Telegram Kanal\u0131m\u0131z\u00a0<\/a>||<a href=\"https:\/\/twitter.com\/arap_ajans\">X Platformumuz\u00a0<\/a>||<a href=\"https:\/\/www.facebook.com\/SANAHaberAjansi\/\">Facebook Sayfam\u0131z<\/a><\/strong><\/p>\n<div id='gallery-1' class='gallery galleryid-295295 gallery-columns-2 gallery-size-thumbnail'><figure class='gallery-item'>\n\t\t\t<div class='gallery-icon landscape'>\n\t\t\t\t<a href='https:\/\/archive.sana.sy\/tr\/?attachment_id=295297'><img loading=\"lazy\" decoding=\"async\" width=\"150\" height=\"150\" src=\"https:\/\/archive.sana.sy\/tr\/wp-content\/uploads\/2024\/01\/photo_2024-01-16_09-34-00-1-150x150.jpg\" class=\"attachment-thumbnail size-thumbnail\" alt=\"\" \/><\/a>\n\t\t\t<\/div><\/figure><figure class='gallery-item'>\n\t\t\t<div class='gallery-icon landscape'>\n\t\t\t\t<a href='https:\/\/archive.sana.sy\/tr\/?attachment_id=295298'><img loading=\"lazy\" decoding=\"async\" width=\"150\" height=\"150\" src=\"https:\/\/archive.sana.sy\/tr\/wp-content\/uploads\/2024\/01\/photo_2024-01-16_09-33-46-150x150.jpg\" class=\"attachment-thumbnail size-thumbnail\" alt=\"\" \/><\/a>\n\t\t\t<\/div><\/figure>\n\t\t<\/div>\n\n<p>&nbsp;<\/p>\n","protected":false},"excerpt":{"rendered":"<p>DERA 10 OCAK (SANA) &#8211; SANA&#8217;n\u0131n Dera muhabiri, g\u00fcvenlik birimlerinin, Dera kentinin do\u011fusundaki devriyelerden birinde patlay\u0131c\u0131 kemerle kendini havaya u\u00e7urmadan \u00f6nce bir I\u015e\u0130D ter\u00f6ristini ortadan kald\u0131rmay\u0131 ba\u015fard\u0131\u011f\u0131n\u0131 bildirdi. Muhabir, El Ka\u015fif mahallesinde patlay\u0131c\u0131 madde bulundu\u011funu ve m\u00fchendislik personeli taraf\u0131ndan patlat\u0131ld\u0131\u011f\u0131n\u0131 belirtti. Telegram Kanal\u0131m\u0131z\u00a0||X Platformumuz\u00a0||Facebook Sayfam\u0131z &nbsp;<\/p>\n","protected":false},"author":41,"featured_media":295296,"comment_status":"closed","ping_status":"closed","sticky":false,"template":"","format":"standard","meta":{"footnotes":""},"categories":[479,575,17988,478],"tags":[40753],"class_list":["post-295295","post","type-post","status-publish","format-standard","has-post-thumbnail","","category-haberler-yerel","category-olaylar-ve-gercekler","category-son-haberler","category-yerel","tag-derada-elinde-patlayici-kemer-bulunan-isid-teror-orgutu-mensubu-olduruldu"],"_links":{"self":[{"href":"https:\/\/archive.sana.sy\/tr\/index.php?rest_route=\/wp\/v2\/posts\/295295","targetHints":{"allow":["GET"]}}],"collection":[{"href":"https:\/\/archive.sana.sy\/tr\/index.php?rest_route=\/wp\/v2\/posts"}],"about":[{"href":"https:\/\/archive.sana.sy\/tr\/index.php?rest_route=\/wp\/v2\/types\/post"}],"author":[{"embeddable":true,"href":"https:\/\/archive.sana.sy\/tr\/index.php?rest_route=\/wp\/v2\/users\/41"}],"replies":[{"embeddable":true,"href":"https:\/\/archive.sana.sy\/tr\/index.php?rest_route=%2Fwp%2Fv2%2Fcomments&post=295295"}],"version-history":[{"count":1,"href":"https:\/\/archive.sana.sy\/tr\/index.php?rest_route=\/wp\/v2\/posts\/295295\/revisions"}],"predecessor-version":[{"id":295299,"href":"https:\/\/archive.sana.sy\/tr\/index.php?rest_route=\/wp\/v2\/posts\/295295\/revisions\/295299"}],"wp:featuredmedia":[{"embeddable":true,"href":"https:\/\/archive.sana.sy\/tr\/index.php?rest_route=\/wp\/v2\/media\/295296"}],"wp:attachment":[{"href":"https:\/\/archive.sana.sy\/tr\/index.php?rest_route=%2Fwp%2Fv2%2Fmedia&parent=295295"}],"wp:term":[{"taxonomy":"category","embeddable":true,"href":"https:\/\/archive.sana.sy\/tr\/index.php?rest_route=%2Fwp%2Fv2%2Fcategories&post=295295"},{"taxonomy":"post_tag","embeddable":true,"href":"https:\/\/archive.sana.sy\/tr\/index.php?rest_route=%2Fwp%2Fv2%2Ftags&post=295295"}],"curies":[{"name":"wp","href":"https:\/\/api.w.org\/{rel}","templated":true}]}}