{"id":295303,"date":"2024-01-16T17:28:09","date_gmt":"2024-01-16T14:28:09","guid":{"rendered":"https:\/\/sana.sy\/tr\/?p=295303"},"modified":"2024-01-19T08:45:26","modified_gmt":"2024-01-19T05:45:26","slug":"susan-suudi-disisleri-bakan-yardimcisi-ile-iki-kardes-ulke-arasindaki-ikili-iliskileri-gelistirme-yollarini-gorustu","status":"publish","type":"post","link":"https:\/\/archive.sana.sy\/tr\/?p=295303","title":{"rendered":"Susan, Suudi D\u0131\u015fi\u015fleri Bakan Yard\u0131mc\u0131s\u0131 \u0130le \u0130ki Karde\u015f \u00dclke Aras\u0131ndaki \u0130kili \u0130li\u015fkileri Geli\u015ftirme Yollar\u0131n\u0131 G\u00f6r\u00fc\u015ft\u00fc"},"content":{"rendered":"<p style=\"text-align: justify;\"><strong>R\u0130YAD 16 OCAK (SANA<\/strong>) &#8211; Suriye Arap Cumhuriyeti&#8217;nin Suudi Arabistan Krall\u0131\u011f\u0131 B\u00fcy\u00fckel\u00e7isi Eymen \u00a0Susan, Suudi Arabistan D\u0131\u015fi\u015fleri Bakan Yard\u0131mc\u0131s\u0131 Velid El Harici ile iki karde\u015f \u00fclke aras\u0131ndaki ikili ili\u015fkiler ve bunlar\u0131 geli\u015ftirmenin yollar\u0131n\u0131 g\u00f6r\u00fc\u015ft\u00fc.<\/p>\n<p style=\"text-align: justify;\">Suudi Arabistan D\u0131\u015fi\u015fleri Bakanl\u0131\u011f\u0131&#8217;n\u0131n Riyad&#8217;daki genel merkezinde ger\u00e7ekle\u015fen g\u00f6r\u00fc\u015fmede, Suriye ile Suudi Arabistan Krall\u0131\u011f\u0131 aras\u0131ndaki ikili ili\u015fkilerin geli\u015ftirilmesi ve bu ili\u015fkilerin kar\u015f\u0131l\u0131kl\u0131 \u00e7\u0131karlara hizmet edecek \u015fekilde \u00e7e\u015fitli alanlarda g\u00fc\u00e7lendirilmesinin yollar\u0131 \u00fczerinde duruldu.<\/p>\n<p style=\"text-align: justify;\">G\u00f6r\u00fc\u015fmde ayr\u0131ca, \u0130srail&#8217;in Gazze&#8217;ye y\u00f6nelik devam eden sald\u0131rganl\u0131\u011f\u0131 ve \u0130srail i\u015fgalinin barbarl\u0131\u011f\u0131na son verilmesi, Gazze&#8217;ye yard\u0131m giri\u015finin yo\u011funla\u015ft\u0131r\u0131lmas\u0131 ve Filistin halk\u0131n\u0131n me\u015fru haklar\u0131n\u0131n g\u00fcvence alt\u0131na al\u0131nmas\u0131 y\u00f6n\u00fcndeki \u00e7abalar\u0131n yo\u011funla\u015ft\u0131r\u0131lmas\u0131n\u0131n \u00f6nemi \u0131\u015f\u0131\u011f\u0131nda g\u00fcncel geli\u015fmeler ele al\u0131nd\u0131.<\/p>\n<p style=\"text-align: center;\"><strong><a href=\"https:\/\/t.me\/SuriyeArapHaberAjansI\">Telegram Kanal\u0131m\u0131z\u00a0<\/a>||<a href=\"https:\/\/twitter.com\/arap_ajans\">X Platformumuz\u00a0<\/a>||<a href=\"https:\/\/www.facebook.com\/SANAHaberAjansi\/\">Facebook Sayfam\u0131z<\/a><\/strong><\/p>\n","protected":false},"excerpt":{"rendered":"<p>R\u0130YAD 16 OCAK (SANA) &#8211; Suriye Arap Cumhuriyeti&#8217;nin Suudi Arabistan Krall\u0131\u011f\u0131 B\u00fcy\u00fckel\u00e7isi Eymen \u00a0Susan, Suudi Arabistan D\u0131\u015fi\u015fleri Bakan Yard\u0131mc\u0131s\u0131 Velid El Harici ile iki karde\u015f \u00fclke aras\u0131ndaki ikili ili\u015fkiler ve bunlar\u0131 geli\u015ftirmenin yollar\u0131n\u0131 g\u00f6r\u00fc\u015ft\u00fc. Suudi Arabistan D\u0131\u015fi\u015fleri Bakanl\u0131\u011f\u0131&#8217;n\u0131n Riyad&#8217;daki genel merkezinde ger\u00e7ekle\u015fen g\u00f6r\u00fc\u015fmede, Suriye ile Suudi Arabistan Krall\u0131\u011f\u0131 aras\u0131ndaki ikili ili\u015fkilerin geli\u015ftirilmesi ve bu ili\u015fkilerin &hellip;<\/p>\n","protected":false},"author":41,"featured_media":295304,"comment_status":"closed","ping_status":"closed","sticky":false,"template":"","format":"standard","meta":{"footnotes":""},"categories":[458,459,17988],"tags":[38641,40755,40756],"class_list":["post-295303","post","type-post","status-publish","format-standard","has-post-thumbnail","","category-dunya1","category-haberler-arap-uluslararasi-politika","category-son-haberler","tag-suriyede-son-gelimeler","tag-susan","tag-suudi-disisleri-bakan-yardimcisi-ile-iki-kardes-ulke-arasindaki-ikili-iliskileri-gelistirme-yollarini-gorustu"],"_links":{"self":[{"href":"https:\/\/archive.sana.sy\/tr\/index.php?rest_route=\/wp\/v2\/posts\/295303","targetHints":{"allow":["GET"]}}],"collection":[{"href":"https:\/\/archive.sana.sy\/tr\/index.php?rest_route=\/wp\/v2\/posts"}],"about":[{"href":"https:\/\/archive.sana.sy\/tr\/index.php?rest_route=\/wp\/v2\/types\/post"}],"author":[{"embeddable":true,"href":"https:\/\/archive.sana.sy\/tr\/index.php?rest_route=\/wp\/v2\/users\/41"}],"replies":[{"embeddable":true,"href":"https:\/\/archive.sana.sy\/tr\/index.php?rest_route=%2Fwp%2Fv2%2Fcomments&post=295303"}],"version-history":[{"count":1,"href":"https:\/\/archive.sana.sy\/tr\/index.php?rest_route=\/wp\/v2\/posts\/295303\/revisions"}],"predecessor-version":[{"id":295305,"href":"https:\/\/archive.sana.sy\/tr\/index.php?rest_route=\/wp\/v2\/posts\/295303\/revisions\/295305"}],"wp:featuredmedia":[{"embeddable":true,"href":"https:\/\/archive.sana.sy\/tr\/index.php?rest_route=\/wp\/v2\/media\/295304"}],"wp:attachment":[{"href":"https:\/\/archive.sana.sy\/tr\/index.php?rest_route=%2Fwp%2Fv2%2Fmedia&parent=295303"}],"wp:term":[{"taxonomy":"category","embeddable":true,"href":"https:\/\/archive.sana.sy\/tr\/index.php?rest_route=%2Fwp%2Fv2%2Fcategories&post=295303"},{"taxonomy":"post_tag","embeddable":true,"href":"https:\/\/archive.sana.sy\/tr\/index.php?rest_route=%2Fwp%2Fv2%2Ftags&post=295303"}],"curies":[{"name":"wp","href":"https:\/\/api.w.org\/{rel}","templated":true}]}}