{"id":295314,"date":"2024-01-17T09:36:51","date_gmt":"2024-01-17T06:36:51","guid":{"rendered":"https:\/\/sana.sy\/tr\/?p=295314"},"modified":"2024-01-19T08:45:32","modified_gmt":"2024-01-19T05:45:32","slug":"balata-kampi-yakininda-filistinli-sehitler-ve-yaralilar","status":"publish","type":"post","link":"https:\/\/archive.sana.sy\/tr\/?p=295314","title":{"rendered":"Balata Kamp\u0131 Yak\u0131n\u0131nda Filistinli \u015eehitler ve Yaral\u0131lar"},"content":{"rendered":"<p><strong>\u0130\u015eGAL ED\u0130LEN KUD\u00dcS 17 OCAK 2024 (SANA) \u2013 <\/strong>\u0130srail i\u015fgal \u0130HA&#8217;n\u0131n Bat\u0131 \u015eeria&#8217;daki Nablus \u015fehrinin do\u011fusundaki Balata m\u00fclteci kamp\u0131 yak\u0131nlar\u0131nda bir Filistinli arac\u0131 bombalamas\u0131 sonucu \u00e7ok say\u0131da Filistinli \u00f6ld\u00fc ve yaraland\u0131.<\/p>\n<p>WAFA Haber Ajans\u0131, i\u015fgal \u0130HA&#8217;n\u0131n kamp yak\u0131n\u0131ndaki Barada Kav\u015fa\u011f\u0131 yak\u0131n\u0131nda bir arac\u0131 bombalad\u0131\u011f\u0131n\u0131, bunun \u00e7ok say\u0131da Filistinlinin \u00f6l\u00fcm\u00fcne ve yaralanmas\u0131na yol a\u00e7t\u0131\u011f\u0131n\u0131 belirtirken, i\u015fgal g\u00fc\u00e7leri sa\u011fl\u0131k ekiplerinin olay yerine ula\u015fmas\u0131n\u0131 engelledi\u011fine i\u015faret etti.<\/p>\n<p style=\"text-align: center;\"><strong><a href=\"https:\/\/t.me\/SuriyeArapHaberAjansI\">Telegram Kanal\u0131m\u0131z\u00a0<\/a>||<a href=\"https:\/\/twitter.com\/arap_ajans\">X Platformumuz\u00a0<\/a>||<a href=\"https:\/\/www.facebook.com\/SANAHaberAjansi\/\">Facebook Sayfam\u0131z<\/a><\/strong><\/p>\n","protected":false},"excerpt":{"rendered":"<p>\u0130\u015eGAL ED\u0130LEN KUD\u00dcS 17 OCAK 2024 (SANA) \u2013 \u0130srail i\u015fgal \u0130HA&#8217;n\u0131n Bat\u0131 \u015eeria&#8217;daki Nablus \u015fehrinin do\u011fusundaki Balata m\u00fclteci kamp\u0131 yak\u0131nlar\u0131nda bir Filistinli arac\u0131 bombalamas\u0131 sonucu \u00e7ok say\u0131da Filistinli \u00f6ld\u00fc ve yaraland\u0131. WAFA Haber Ajans\u0131, i\u015fgal \u0130HA&#8217;n\u0131n kamp yak\u0131n\u0131ndaki Barada Kav\u015fa\u011f\u0131 yak\u0131n\u0131nda bir arac\u0131 bombalad\u0131\u011f\u0131n\u0131, bunun \u00e7ok say\u0131da Filistinlinin \u00f6l\u00fcm\u00fcne ve yaralanmas\u0131na yol a\u00e7t\u0131\u011f\u0131n\u0131 belirtirken, i\u015fgal &hellip;<\/p>\n","protected":false},"author":36,"featured_media":295315,"comment_status":"closed","ping_status":"closed","sticky":false,"template":"","format":"standard","meta":{"footnotes":""},"categories":[458,459,17988],"tags":[],"class_list":["post-295314","post","type-post","status-publish","format-standard","has-post-thumbnail","","category-dunya1","category-haberler-arap-uluslararasi-politika","category-son-haberler"],"_links":{"self":[{"href":"https:\/\/archive.sana.sy\/tr\/index.php?rest_route=\/wp\/v2\/posts\/295314","targetHints":{"allow":["GET"]}}],"collection":[{"href":"https:\/\/archive.sana.sy\/tr\/index.php?rest_route=\/wp\/v2\/posts"}],"about":[{"href":"https:\/\/archive.sana.sy\/tr\/index.php?rest_route=\/wp\/v2\/types\/post"}],"author":[{"embeddable":true,"href":"https:\/\/archive.sana.sy\/tr\/index.php?rest_route=\/wp\/v2\/users\/36"}],"replies":[{"embeddable":true,"href":"https:\/\/archive.sana.sy\/tr\/index.php?rest_route=%2Fwp%2Fv2%2Fcomments&post=295314"}],"version-history":[{"count":1,"href":"https:\/\/archive.sana.sy\/tr\/index.php?rest_route=\/wp\/v2\/posts\/295314\/revisions"}],"predecessor-version":[{"id":295316,"href":"https:\/\/archive.sana.sy\/tr\/index.php?rest_route=\/wp\/v2\/posts\/295314\/revisions\/295316"}],"wp:featuredmedia":[{"embeddable":true,"href":"https:\/\/archive.sana.sy\/tr\/index.php?rest_route=\/wp\/v2\/media\/295315"}],"wp:attachment":[{"href":"https:\/\/archive.sana.sy\/tr\/index.php?rest_route=%2Fwp%2Fv2%2Fmedia&parent=295314"}],"wp:term":[{"taxonomy":"category","embeddable":true,"href":"https:\/\/archive.sana.sy\/tr\/index.php?rest_route=%2Fwp%2Fv2%2Fcategories&post=295314"},{"taxonomy":"post_tag","embeddable":true,"href":"https:\/\/archive.sana.sy\/tr\/index.php?rest_route=%2Fwp%2Fv2%2Ftags&post=295314"}],"curies":[{"name":"wp","href":"https:\/\/api.w.org\/{rel}","templated":true}]}}