{"id":295317,"date":"2024-01-17T12:25:17","date_gmt":"2024-01-17T09:25:17","guid":{"rendered":"https:\/\/sana.sy\/tr\/?p=295317"},"modified":"2024-01-19T08:46:40","modified_gmt":"2024-01-19T05:46:40","slug":"buyukelci-al-dandah-iraktaki-hristiyan-din-adamlariyla-gorustu","status":"publish","type":"post","link":"https:\/\/archive.sana.sy\/tr\/?p=295317","title":{"rendered":"B\u00fcy\u00fckel\u00e7i Dandah Irak&#8217;taki Hristiyan Din Adamlar\u0131yla G\u00f6r\u00fc\u015ft\u00fc"},"content":{"rendered":"<p style=\"text-align: justify;\"><strong>BA\u011eDAT 17 OCAK 2024 (SANA) \u2013<\/strong>Suriye&#8217;nin Ba\u011fdat B\u00fcy\u00fckel\u00e7isi Sattam Cadaan Dandah, iki karde\u015f Suriye ve Irak halk\u0131 aras\u0131ndaki k\u00f6kl\u00fc karde\u015flik ili\u015fkilerinin, ortak meseleleri savunma kararl\u0131l\u0131\u011f\u0131n\u0131 g\u00fc\u00e7lendirecek \u015fekilde peki\u015ftirilmesinin \u00f6nemini vurgulad\u0131.<\/p>\n<p style=\"text-align: justify;\">Bu, d\u00fcn B\u00fcy\u00fckel\u00e7i Dandah ile Ba\u011fdat&#8217;taki Suriye B\u00fcy\u00fckel\u00e7ili\u011fi binas\u0131nda ve S\u00fcryani Katolik Kilisesi Ba\u011fdat Ba\u015fpiskoposu Piskopos Avram Youssef Abba Mansour, Kutsal Sinod Sekreteri, Ba\u011fdat Ermeni Katolik Piskoposu Muhterem Piskopos Joseph Zabarian ve Aziz Joseph S\u00fcryani Katolik Kilisesi papaz\u0131 Rahip Pius Qasha ile yapt\u0131\u011f\u0131 g\u00f6r\u00fc\u015fme s\u0131ras\u0131nda geldi.<\/p>\n<p style=\"text-align: justify;\">Buna kar\u015f\u0131l\u0131k Piskopos Yusuf Abba da Suriye&#8217;den duydu\u011fu gururu ve Suriye ile tam dayan\u0131\u015fma i\u00e7inde oldu\u011funu ifade ederek, Suriye&#8217;nin Cumhurba\u015fkan\u0131 Be\u015far Esad liderli\u011finde izledi\u011fi ak\u0131ll\u0131ca politikay\u0131 \u00f6vd\u00fc.<\/p>\n<p style=\"text-align: justify;\"><strong><a href=\"https:\/\/t.me\/SuriyeArapHaberAjansI\">Telegram Kanal\u0131m\u0131z\u00a0<\/a>||<a href=\"https:\/\/twitter.com\/arap_ajans\">X Platformumuz\u00a0<\/a>||<a href=\"https:\/\/www.facebook.com\/SANAHaberAjansi\/\">Facebook Sayfam\u0131z<\/a><\/strong><\/p>\n","protected":false},"excerpt":{"rendered":"<p>BA\u011eDAT 17 OCAK 2024 (SANA) \u2013Suriye&#8217;nin Ba\u011fdat B\u00fcy\u00fckel\u00e7isi Sattam Cadaan Dandah, iki karde\u015f Suriye ve Irak halk\u0131 aras\u0131ndaki k\u00f6kl\u00fc karde\u015flik ili\u015fkilerinin, ortak meseleleri savunma kararl\u0131l\u0131\u011f\u0131n\u0131 g\u00fc\u00e7lendirecek \u015fekilde peki\u015ftirilmesinin \u00f6nemini vurgulad\u0131. Bu, d\u00fcn B\u00fcy\u00fckel\u00e7i Dandah ile Ba\u011fdat&#8217;taki Suriye B\u00fcy\u00fckel\u00e7ili\u011fi binas\u0131nda ve S\u00fcryani Katolik Kilisesi Ba\u011fdat Ba\u015fpiskoposu Piskopos Avram Youssef Abba Mansour, Kutsal Sinod Sekreteri, Ba\u011fdat Ermeni &hellip;<\/p>\n","protected":false},"author":36,"featured_media":295318,"comment_status":"closed","ping_status":"closed","sticky":false,"template":"","format":"standard","meta":{"footnotes":""},"categories":[458,459,17988],"tags":[],"class_list":["post-295317","post","type-post","status-publish","format-standard","has-post-thumbnail","","category-dunya1","category-haberler-arap-uluslararasi-politika","category-son-haberler"],"_links":{"self":[{"href":"https:\/\/archive.sana.sy\/tr\/index.php?rest_route=\/wp\/v2\/posts\/295317","targetHints":{"allow":["GET"]}}],"collection":[{"href":"https:\/\/archive.sana.sy\/tr\/index.php?rest_route=\/wp\/v2\/posts"}],"about":[{"href":"https:\/\/archive.sana.sy\/tr\/index.php?rest_route=\/wp\/v2\/types\/post"}],"author":[{"embeddable":true,"href":"https:\/\/archive.sana.sy\/tr\/index.php?rest_route=\/wp\/v2\/users\/36"}],"replies":[{"embeddable":true,"href":"https:\/\/archive.sana.sy\/tr\/index.php?rest_route=%2Fwp%2Fv2%2Fcomments&post=295317"}],"version-history":[{"count":2,"href":"https:\/\/archive.sana.sy\/tr\/index.php?rest_route=\/wp\/v2\/posts\/295317\/revisions"}],"predecessor-version":[{"id":295337,"href":"https:\/\/archive.sana.sy\/tr\/index.php?rest_route=\/wp\/v2\/posts\/295317\/revisions\/295337"}],"wp:featuredmedia":[{"embeddable":true,"href":"https:\/\/archive.sana.sy\/tr\/index.php?rest_route=\/wp\/v2\/media\/295318"}],"wp:attachment":[{"href":"https:\/\/archive.sana.sy\/tr\/index.php?rest_route=%2Fwp%2Fv2%2Fmedia&parent=295317"}],"wp:term":[{"taxonomy":"category","embeddable":true,"href":"https:\/\/archive.sana.sy\/tr\/index.php?rest_route=%2Fwp%2Fv2%2Fcategories&post=295317"},{"taxonomy":"post_tag","embeddable":true,"href":"https:\/\/archive.sana.sy\/tr\/index.php?rest_route=%2Fwp%2Fv2%2Ftags&post=295317"}],"curies":[{"name":"wp","href":"https:\/\/api.w.org\/{rel}","templated":true}]}}