{"id":295320,"date":"2024-01-17T13:49:00","date_gmt":"2024-01-17T10:49:00","guid":{"rendered":"https:\/\/sana.sy\/tr\/?p=295320"},"modified":"2024-01-18T09:45:56","modified_gmt":"2024-01-18T06:45:56","slug":"suriyenin-katilimiyla-ugandadaki-baglantisizlar-hareketi-zirvesi-icin-bakanlar-duzeyinde-hazirlik-toplantisi-basliyor","status":"publish","type":"post","link":"https:\/\/archive.sana.sy\/tr\/?p=295320","title":{"rendered":"Suriye&#8217;nin Kat\u0131l\u0131m\u0131yla.. Uganda&#8217;daki Ba\u011flant\u0131s\u0131zlar Hareketi Zirvesi \u0130\u00e7in Bakanlar D\u00fczeyinde Haz\u0131rl\u0131k Toplant\u0131s\u0131 Ba\u015flad\u0131"},"content":{"rendered":"<p style=\"text-align: justify;\"><strong>KAMPALA 17 OCAK 2024 (SANA) \u2013<\/strong>Ba\u011flant\u0131s\u0131zlar Hareketi&#8217;ne \u00fcye devletlerin d\u0131\u015fi\u015fleri bakanlar\u0131 toplant\u0131s\u0131, hareketin \u00f6n\u00fcm\u00fczdeki Cuma ve Cumartesi g\u00fcn\u00fc yap\u0131lmas\u0131 planlanan 19. zirvesine haz\u0131rl\u0131k amac\u0131yla bu sabah Uganda&#8217;n\u0131n ba\u015fkenti Kampala&#8217;da, D\u0131\u015fi\u015fleri ve G\u00f6\u00e7menler Bakan Yard\u0131mc\u0131s\u0131 Bassam Sabba\u011f ba\u015fkanl\u0131\u011f\u0131ndaki bir heyetin Suriye&#8217;nin kat\u0131l\u0131m\u0131yla ba\u015flad\u0131.<\/p>\n<p style=\"text-align: justify;\">Bakanlar toplant\u0131s\u0131nda uluslararas\u0131 sahnedeki geli\u015fmeler, \u00f6zellikle i\u015fgal alt\u0131ndaki Filistin topraklar\u0131ndaki durumdaki ciddi geli\u015fmelerin yan\u0131 s\u0131ra hareketin \u00fcye devletlerini ilgilendiren siyasi ve ekonomik konular masaya yat\u0131r\u0131lacak.<\/p>\n<p style=\"text-align: justify;\">Kat\u0131l\u0131mc\u0131 delegasyonlar ayr\u0131ca zirvenin nihai belgesinin ve hareketin \u00e7e\u015fitli meseleler ve zorluklara ili\u015fkin tutumlar\u0131n\u0131 i\u00e7erecek Kampala Siyasi Bildirgesi&#8217;nin tasla\u011f\u0131n\u0131n haz\u0131rlanmas\u0131 \u00fczerinde \u00e7al\u0131\u015f\u0131yor.<\/p>\n<p style=\"text-align: justify;\">Suriye heyetinde D\u0131\u015fi\u015fleri Bakan Yard\u0131mc\u0131s\u0131 ve Gurbet\u00e7ilerin yan\u0131 s\u0131ra Suriye&#8217;nin Birle\u015fmi\u015f Milletler Daimi Temsilcisi B\u00fcy\u00fckel\u00e7i Kusay Dahhak, Suriye&#8217;nin Uganda Fahri Konsolosu Dr. Tamuh Mustafa ve D\u0131\u015fi\u015fleri ve G\u00f6\u00e7menler Bakanl\u0131\u011f\u0131&#8217;n\u0131n \u00fc\u00e7\u00fcnc\u00fc sekreteri Macid Nial yer al\u0131yor.<\/p>\n<p style=\"text-align: center;\"><strong><a href=\"https:\/\/t.me\/SuriyeArapHaberAjansI\">Telegram Kanal\u0131m\u0131z\u00a0<\/a>||<a href=\"https:\/\/twitter.com\/arap_ajans\">X Platformumuz\u00a0<\/a>||<a href=\"https:\/\/www.facebook.com\/SANAHaberAjansi\/\">Facebook Sayfam\u0131z<\/a><\/strong><\/p>\n","protected":false},"excerpt":{"rendered":"<p>KAMPALA 17 OCAK 2024 (SANA) \u2013Ba\u011flant\u0131s\u0131zlar Hareketi&#8217;ne \u00fcye devletlerin d\u0131\u015fi\u015fleri bakanlar\u0131 toplant\u0131s\u0131, hareketin \u00f6n\u00fcm\u00fczdeki Cuma ve Cumartesi g\u00fcn\u00fc yap\u0131lmas\u0131 planlanan 19. zirvesine haz\u0131rl\u0131k amac\u0131yla bu sabah Uganda&#8217;n\u0131n ba\u015fkenti Kampala&#8217;da, D\u0131\u015fi\u015fleri ve G\u00f6\u00e7menler Bakan Yard\u0131mc\u0131s\u0131 Bassam Sabba\u011f ba\u015fkanl\u0131\u011f\u0131ndaki bir heyetin Suriye&#8217;nin kat\u0131l\u0131m\u0131yla ba\u015flad\u0131. Bakanlar toplant\u0131s\u0131nda uluslararas\u0131 sahnedeki geli\u015fmeler, \u00f6zellikle i\u015fgal alt\u0131ndaki Filistin topraklar\u0131ndaki durumdaki ciddi geli\u015fmelerin &hellip;<\/p>\n","protected":false},"author":36,"featured_media":295321,"comment_status":"closed","ping_status":"closed","sticky":false,"template":"","format":"standard","meta":{"footnotes":""},"categories":[458,459,17988],"tags":[],"class_list":["post-295320","post","type-post","status-publish","format-standard","has-post-thumbnail","","category-dunya1","category-haberler-arap-uluslararasi-politika","category-son-haberler"],"_links":{"self":[{"href":"https:\/\/archive.sana.sy\/tr\/index.php?rest_route=\/wp\/v2\/posts\/295320","targetHints":{"allow":["GET"]}}],"collection":[{"href":"https:\/\/archive.sana.sy\/tr\/index.php?rest_route=\/wp\/v2\/posts"}],"about":[{"href":"https:\/\/archive.sana.sy\/tr\/index.php?rest_route=\/wp\/v2\/types\/post"}],"author":[{"embeddable":true,"href":"https:\/\/archive.sana.sy\/tr\/index.php?rest_route=\/wp\/v2\/users\/36"}],"replies":[{"embeddable":true,"href":"https:\/\/archive.sana.sy\/tr\/index.php?rest_route=%2Fwp%2Fv2%2Fcomments&post=295320"}],"version-history":[{"count":4,"href":"https:\/\/archive.sana.sy\/tr\/index.php?rest_route=\/wp\/v2\/posts\/295320\/revisions"}],"predecessor-version":[{"id":295377,"href":"https:\/\/archive.sana.sy\/tr\/index.php?rest_route=\/wp\/v2\/posts\/295320\/revisions\/295377"}],"wp:featuredmedia":[{"embeddable":true,"href":"https:\/\/archive.sana.sy\/tr\/index.php?rest_route=\/wp\/v2\/media\/295321"}],"wp:attachment":[{"href":"https:\/\/archive.sana.sy\/tr\/index.php?rest_route=%2Fwp%2Fv2%2Fmedia&parent=295320"}],"wp:term":[{"taxonomy":"category","embeddable":true,"href":"https:\/\/archive.sana.sy\/tr\/index.php?rest_route=%2Fwp%2Fv2%2Fcategories&post=295320"},{"taxonomy":"post_tag","embeddable":true,"href":"https:\/\/archive.sana.sy\/tr\/index.php?rest_route=%2Fwp%2Fv2%2Ftags&post=295320"}],"curies":[{"name":"wp","href":"https:\/\/api.w.org\/{rel}","templated":true}]}}