{"id":295323,"date":"2024-01-17T09:03:59","date_gmt":"2024-01-17T06:03:59","guid":{"rendered":"https:\/\/sana.sy\/tr\/?p=295323"},"modified":"2024-01-19T08:45:29","modified_gmt":"2024-01-19T05:45:29","slug":"suriye-ile-islam-dunyasi-egitim-bilim-ve-kultur-orgutu-isesco-arasindaki-isbirligi-alanlari-gorusuldu","status":"publish","type":"post","link":"https:\/\/archive.sana.sy\/tr\/?p=295323","title":{"rendered":"Suriye \u0130le \u0130slam D\u00fcnyas\u0131 E\u011fitim, Bilim Ve K\u00fclt\u00fcr \u00d6rg\u00fct\u00fc (ISESCO) Aras\u0131ndaki \u0130\u015fbirli\u011fi Alanlar\u0131 G\u00f6r\u00fc\u015f\u00fcld\u00fc"},"content":{"rendered":"<p style=\"text-align: justify;\"><strong>R\u0130YAD 17 OCAK (SANA)<\/strong> &#8211; Milli E\u011fitim Bakan\u0131 Amir El Mardini&#8217;nin \u00f6rg\u00fct\u00fcn Genel Direkt\u00f6r\u00fc Salim bin Muhammed El Malik ile yapt\u0131\u011f\u0131 toplant\u0131n\u0131n odak noktas\u0131 Suriye ile \u0130slam D\u00fcnyas\u0131 E\u011fitim, Bilim ve K\u00fclt\u00fcr \u00d6rg\u00fct\u00fc (ISESCO) aras\u0131nda e\u011fitim sekt\u00f6r\u00fcnde i\u015f birli\u011finin g\u00fc\u00e7lendirilmesiydi.<\/p>\n<p style=\"text-align: justify;\">ISESCO Ulusal Komitelerinin, Suudi Arabistan Krall\u0131\u011f\u0131&#8217;n\u0131n Cidde kentinde d\u00fczenlenen ve \u00d6rg\u00fct\u00fcn Y\u00fcr\u00fctme Konseyi toplant\u0131s\u0131n\u0131n k\u0131rk d\u00f6rd\u00fcnc\u00fc oturumuna denk gelen ikinci isti\u015fare toplant\u0131s\u0131n\u0131n oturum aralar\u0131nda ger\u00e7ekle\u015ftirilen g\u00f6r\u00fc\u015fmede,\u00a0 Bakan Mardini, Suriye ile \u00f6rg\u00fct aras\u0131ndaki ili\u015fkiye ve \u00f6rg\u00fct\u00fcn gelece\u011fe y\u00f6nelik umutlar\u0131n\u0131 geli\u015ftirmeye y\u00f6nelik s\u00fcrekli isteklili\u011fe dikkat \u00e7ekti.<\/p>\n<p style=\"text-align: justify;\">Bakan Mardini ayr\u0131ca, Suriye&#8217;nin e\u011fitim, bilim ve k\u00fclt\u00fcr alanlar\u0131nda ulusal sekt\u00f6rlere hizmet etmek i\u00e7in i\u015fbirli\u011fini ve ortak \u00e7al\u0131\u015fmay\u0131 geli\u015ftirme, giri\u015fimleri te\u015fvik etme, yarat\u0131c\u0131l\u0131\u011f\u0131 te\u015fvik etme ve kurulu\u015fla ortakl\u0131k alanlar\u0131n\u0131 \u00e7e\u015fitlendirme konusundaki isteklili\u011fini vurgulad\u0131.<\/p>\n<p style=\"text-align: justify;\">Organizasyon Direkt\u00f6r\u00fc, gen\u00e7lerin ve kad\u0131nlar\u0131n yeteneklerini geli\u015ftirmeye ve becerilerini geli\u015ftirmeye odaklanan program ve projelerin uygulanmas\u0131 yoluyla ISESCO&#8217;nun vizyonunun en belirgin y\u00f6nlerini ve \u00e7al\u0131\u015fma stratejisinin ana y\u00f6nlerini g\u00f6zden ge\u00e7irdi.<\/p>\n<p style=\"text-align: center;\"><strong><a href=\"https:\/\/t.me\/SuriyeArapHaberAjansI\">Telegram Kanal\u0131m\u0131z\u00a0<\/a>||<a href=\"https:\/\/twitter.com\/arap_ajans\">X Platformumuz\u00a0<\/a>||<a href=\"https:\/\/www.facebook.com\/SANAHaberAjansi\/\">Facebook Sayfam\u0131z<\/a><\/strong><\/p>\n","protected":false},"excerpt":{"rendered":"<p>R\u0130YAD 17 OCAK (SANA) &#8211; Milli E\u011fitim Bakan\u0131 Amir El Mardini&#8217;nin \u00f6rg\u00fct\u00fcn Genel Direkt\u00f6r\u00fc Salim bin Muhammed El Malik ile yapt\u0131\u011f\u0131 toplant\u0131n\u0131n odak noktas\u0131 Suriye ile \u0130slam D\u00fcnyas\u0131 E\u011fitim, Bilim ve K\u00fclt\u00fcr \u00d6rg\u00fct\u00fc (ISESCO) aras\u0131nda e\u011fitim sekt\u00f6r\u00fcnde i\u015f birli\u011finin g\u00fc\u00e7lendirilmesiydi. ISESCO Ulusal Komitelerinin, Suudi Arabistan Krall\u0131\u011f\u0131&#8217;n\u0131n Cidde kentinde d\u00fczenlenen ve \u00d6rg\u00fct\u00fcn Y\u00fcr\u00fctme Konseyi toplant\u0131s\u0131n\u0131n k\u0131rk &hellip;<\/p>\n","protected":false},"author":41,"featured_media":295324,"comment_status":"closed","ping_status":"closed","sticky":false,"template":"","format":"standard","meta":{"footnotes":""},"categories":[458,459,17988],"tags":[],"class_list":["post-295323","post","type-post","status-publish","format-standard","has-post-thumbnail","","category-dunya1","category-haberler-arap-uluslararasi-politika","category-son-haberler"],"_links":{"self":[{"href":"https:\/\/archive.sana.sy\/tr\/index.php?rest_route=\/wp\/v2\/posts\/295323","targetHints":{"allow":["GET"]}}],"collection":[{"href":"https:\/\/archive.sana.sy\/tr\/index.php?rest_route=\/wp\/v2\/posts"}],"about":[{"href":"https:\/\/archive.sana.sy\/tr\/index.php?rest_route=\/wp\/v2\/types\/post"}],"author":[{"embeddable":true,"href":"https:\/\/archive.sana.sy\/tr\/index.php?rest_route=\/wp\/v2\/users\/41"}],"replies":[{"embeddable":true,"href":"https:\/\/archive.sana.sy\/tr\/index.php?rest_route=%2Fwp%2Fv2%2Fcomments&post=295323"}],"version-history":[{"count":1,"href":"https:\/\/archive.sana.sy\/tr\/index.php?rest_route=\/wp\/v2\/posts\/295323\/revisions"}],"predecessor-version":[{"id":295325,"href":"https:\/\/archive.sana.sy\/tr\/index.php?rest_route=\/wp\/v2\/posts\/295323\/revisions\/295325"}],"wp:featuredmedia":[{"embeddable":true,"href":"https:\/\/archive.sana.sy\/tr\/index.php?rest_route=\/wp\/v2\/media\/295324"}],"wp:attachment":[{"href":"https:\/\/archive.sana.sy\/tr\/index.php?rest_route=%2Fwp%2Fv2%2Fmedia&parent=295323"}],"wp:term":[{"taxonomy":"category","embeddable":true,"href":"https:\/\/archive.sana.sy\/tr\/index.php?rest_route=%2Fwp%2Fv2%2Fcategories&post=295323"},{"taxonomy":"post_tag","embeddable":true,"href":"https:\/\/archive.sana.sy\/tr\/index.php?rest_route=%2Fwp%2Fv2%2Ftags&post=295323"}],"curies":[{"name":"wp","href":"https:\/\/api.w.org\/{rel}","templated":true}]}}