{"id":295329,"date":"2024-01-17T15:21:07","date_gmt":"2024-01-17T12:21:07","guid":{"rendered":"https:\/\/sana.sy\/tr\/?p=295329"},"modified":"2024-01-19T08:46:43","modified_gmt":"2024-01-19T05:46:43","slug":"filistin-direnisi-gazze-seridindeki-isgal-guclerinin-saflarinda-olu-ve-yaralilar-dusurdu","status":"publish","type":"post","link":"https:\/\/archive.sana.sy\/tr\/?p=295329","title":{"rendered":"Filistin Direni\u015fi, Gazze \u015eeridi&#8217;ndeki \u0130\u015fgal G\u00fc\u00e7lerinin Saflar\u0131nda \u00d6l\u00fc ve Yaral\u0131lar D\u00fc\u015f\u00fcrd\u00fc"},"content":{"rendered":"<p style=\"text-align: justify;\"><strong>\u0130\u015eGAL ED\u0130LEN KUD\u00dcS 17 OCAK (SANA)<\/strong> &#8211; Bug\u00fcn Filistin direni\u015fi Gazze \u015eeridi&#8217;nde \u0130srail i\u015fgal g\u00fc\u00e7leriyle y\u00fczle\u015fmeye devam ederek saflar\u0131nda \u00f6l\u00fcmlere ve yaralanmalara neden oldu ve \u00e7ok say\u0131da arac\u0131 imha etti.<\/p>\n<p style=\"text-align: justify;\">Filistin direni\u015fi yapt\u0131\u011f\u0131 a\u00e7\u0131klamada,\u00a0 \u201cSava\u015f\u00e7\u0131lar\u0131m\u0131z, biri Gazze \u015eehri&#8217;nin \u015eucaiye mahallesinin kuzeyinde, ikincisi ise Gazze \u015eeridi&#8217;nin g\u00fcneyindeki Han Yunus \u015fehrinin g\u00fcneyindeki Batin El Sam\u0130n b\u00f6lgesinde olmak \u00fczere iki \u0130srail i\u015fgal piyade kuvvetini makineli t\u00fcfekler ve personel mermileriyle hedef ald\u0131. Her iki kuvvetin mensuplar\u0131n\u0131 da \u00f6l\u00fc ve yaral\u0131 b\u0131rakt\u0131lar.\u201d<\/p>\n<p style=\"text-align: justify;\">Direni\u015f a\u00e7\u0131klamas\u0131nda da, \u2018\u2019El Yasin toplar\u0131yla, Han Yunus&#8217;un g\u00fcneyinde 105 Merkava tank\u0131 ve bir i\u015fgal buldozeriyle, Gazze \u015eeridi&#8217;nin kuzeyinde Cebeliye&#8217;nin do\u011fusunda bir i\u015fgal personel ta\u015f\u0131y\u0131c\u0131s\u0131n\u0131 hedef ald\u0131.\u00a0 Gazze&#8217;nin Tuffah mahallesinin do\u011fusunda konu\u015flu \u00e7ok say\u0131da askeri arac\u0131 havan toplar\u0131yla imha etti\u2019\u2019 ifadelerini s\u00f6zlerine ekledi.<\/p>\n<p style=\"text-align: center;\"><strong><a href=\"https:\/\/t.me\/SuriyeArapHaberAjansI\">Telegram Kanal\u0131m\u0131z\u00a0<\/a>||<a href=\"https:\/\/twitter.com\/arap_ajans\">X Platformumuz\u00a0<\/a>||<a href=\"https:\/\/www.facebook.com\/SANAHaberAjansi\/\">Facebook Sayfam\u0131z<\/a><\/strong><\/p>\n","protected":false},"excerpt":{"rendered":"<p>\u0130\u015eGAL ED\u0130LEN KUD\u00dcS 17 OCAK (SANA) &#8211; Bug\u00fcn Filistin direni\u015fi Gazze \u015eeridi&#8217;nde \u0130srail i\u015fgal g\u00fc\u00e7leriyle y\u00fczle\u015fmeye devam ederek saflar\u0131nda \u00f6l\u00fcmlere ve yaralanmalara neden oldu ve \u00e7ok say\u0131da arac\u0131 imha etti. Filistin direni\u015fi yapt\u0131\u011f\u0131 a\u00e7\u0131klamada,\u00a0 \u201cSava\u015f\u00e7\u0131lar\u0131m\u0131z, biri Gazze \u015eehri&#8217;nin \u015eucaiye mahallesinin kuzeyinde, ikincisi ise Gazze \u015eeridi&#8217;nin g\u00fcneyindeki Han Yunus \u015fehrinin g\u00fcneyindeki Batin El Sam\u0130n b\u00f6lgesinde olmak &hellip;<\/p>\n","protected":false},"author":41,"featured_media":295331,"comment_status":"closed","ping_status":"closed","sticky":false,"template":"","format":"standard","meta":{"footnotes":""},"categories":[458,459,17988],"tags":[18582,40759],"class_list":["post-295329","post","type-post","status-publish","format-standard","has-post-thumbnail","","category-dunya1","category-haberler-arap-uluslararasi-politika","category-son-haberler","tag-filistin-direnisi","tag-gazze-seridindeki-isgal-guclerinin-saflarinda-olu-ve-yaralilar-dusurdu"],"_links":{"self":[{"href":"https:\/\/archive.sana.sy\/tr\/index.php?rest_route=\/wp\/v2\/posts\/295329","targetHints":{"allow":["GET"]}}],"collection":[{"href":"https:\/\/archive.sana.sy\/tr\/index.php?rest_route=\/wp\/v2\/posts"}],"about":[{"href":"https:\/\/archive.sana.sy\/tr\/index.php?rest_route=\/wp\/v2\/types\/post"}],"author":[{"embeddable":true,"href":"https:\/\/archive.sana.sy\/tr\/index.php?rest_route=\/wp\/v2\/users\/41"}],"replies":[{"embeddable":true,"href":"https:\/\/archive.sana.sy\/tr\/index.php?rest_route=%2Fwp%2Fv2%2Fcomments&post=295329"}],"version-history":[{"count":1,"href":"https:\/\/archive.sana.sy\/tr\/index.php?rest_route=\/wp\/v2\/posts\/295329\/revisions"}],"predecessor-version":[{"id":295332,"href":"https:\/\/archive.sana.sy\/tr\/index.php?rest_route=\/wp\/v2\/posts\/295329\/revisions\/295332"}],"wp:featuredmedia":[{"embeddable":true,"href":"https:\/\/archive.sana.sy\/tr\/index.php?rest_route=\/wp\/v2\/media\/295331"}],"wp:attachment":[{"href":"https:\/\/archive.sana.sy\/tr\/index.php?rest_route=%2Fwp%2Fv2%2Fmedia&parent=295329"}],"wp:term":[{"taxonomy":"category","embeddable":true,"href":"https:\/\/archive.sana.sy\/tr\/index.php?rest_route=%2Fwp%2Fv2%2Fcategories&post=295329"},{"taxonomy":"post_tag","embeddable":true,"href":"https:\/\/archive.sana.sy\/tr\/index.php?rest_route=%2Fwp%2Fv2%2Ftags&post=295329"}],"curies":[{"name":"wp","href":"https:\/\/api.w.org\/{rel}","templated":true}]}}