{"id":295338,"date":"2024-01-17T15:43:43","date_gmt":"2024-01-17T12:43:43","guid":{"rendered":"https:\/\/sana.sy\/tr\/?p=295338"},"modified":"2024-01-19T08:46:46","modified_gmt":"2024-01-19T05:46:46","slug":"filistin-direnisi-almanyanin-isgale-10-bin-tank-mermisi-saglamasi-onu-savasin-ortagi-haline-getiriyor","status":"publish","type":"post","link":"https:\/\/archive.sana.sy\/tr\/?p=295338","title":{"rendered":"Filistin Direni\u015fi: Almanya&#8217;n\u0131n i\u015fgale 10 Bin Tank Mermisi Sa\u011flamas\u0131 Onu Sava\u015f\u0131n Orta\u011f\u0131 Haline Getiriyor"},"content":{"rendered":"<p style=\"text-align: justify;\"><strong>\u0130\u015eGAL ED\u0130LEN KUD\u00dcS 17 OCAK (SANA)<\/strong> &#8211; Filistin direni\u015fi, Almanya&#8217;n\u0131n \u0130srail i\u015fgaline 10.000 tank mermisi sa\u011flamas\u0131n\u0131n, onu Filistin halk\u0131na kar\u015f\u0131 y\u00fcr\u00fct\u00fclen soyk\u0131r\u0131m sava\u015f\u0131nda do\u011frudan bir ortak haline getirdi\u011fini vurgulad\u0131.<\/p>\n<p style=\"text-align: justify;\">Direni\u015f bug\u00fcn yapt\u0131\u011f\u0131 a\u00e7\u0131klamada, \u201cAlmanya&#8217;n\u0131n Siyonist i\u015fgale yakla\u015f\u0131k 10.000 tank mermisi g\u00f6ndermeyi kabul etme niyetini en g\u00fc\u00e7l\u00fc \u015fekilde k\u0131n\u0131yoruz, bu da onu halk\u0131m\u0131za kar\u015f\u0131 sava\u015fta do\u011frudan bir ortak haline getiriyor. Bu Nazi Siyonist h\u00fck\u00fcmetinin i\u015fledi\u011fi sava\u015f su\u00e7lar\u0131n\u0131n ve Gazze \u015eeridi&#8217;nde Filistin halk\u0131m\u0131za kar\u015f\u0131 y\u00fcr\u00fct\u00fclen soyk\u0131r\u0131m sava\u015f\u0131n\u0131n t\u00fcm siyasi ve ahlaki sorumlulu\u011funu ta\u015f\u0131yor\u201d dedi.<\/p>\n<p style=\"text-align: justify;\">Direni\u015f a\u00e7\u0131klamas\u0131nda da, \u201cAlmanya, insanl\u0131\u011fa kar\u015f\u0131 i\u015fledi\u011fi g\u00fcnahlarla dolu tarihini yeniden \u00fcretiyor gibi g\u00f6r\u00fcn\u00fcyor ve yak\u0131n ge\u00e7mi\u015ften al\u0131nan derslerden vazge\u00e7miyor. Buradan milletimizin kendisine y\u00f6nelik sald\u0131r\u0131ya kat\u0131lan, t\u00fcm tabular\u0131 \u00e7i\u011fneyen bu cani d\u00fc\u015fmana k\u0131l\u0131f sa\u011flayan hi\u00e7 kimseyi unutmayaca\u011f\u0131n\u0131 ve affetmeyece\u011fini beyan ediyoruz\u201d ifadelerini s\u00f6zlerine ekledi.<\/p>\n<p style=\"text-align: center;\"><strong><a href=\"https:\/\/t.me\/SuriyeArapHaberAjansI\">Telegram Kanal\u0131m\u0131z\u00a0<\/a>||<a href=\"https:\/\/twitter.com\/arap_ajans\">X Platformumuz\u00a0<\/a>||<a href=\"https:\/\/www.facebook.com\/SANAHaberAjansi\/\">Facebook Sayfam\u0131z<\/a><\/strong><\/p>\n<p>&nbsp;<\/p>\n<p>&nbsp;<\/p>\n","protected":false},"excerpt":{"rendered":"<p>\u0130\u015eGAL ED\u0130LEN KUD\u00dcS 17 OCAK (SANA) &#8211; Filistin direni\u015fi, Almanya&#8217;n\u0131n \u0130srail i\u015fgaline 10.000 tank mermisi sa\u011flamas\u0131n\u0131n, onu Filistin halk\u0131na kar\u015f\u0131 y\u00fcr\u00fct\u00fclen soyk\u0131r\u0131m sava\u015f\u0131nda do\u011frudan bir ortak haline getirdi\u011fini vurgulad\u0131. Direni\u015f bug\u00fcn yapt\u0131\u011f\u0131 a\u00e7\u0131klamada, \u201cAlmanya&#8217;n\u0131n Siyonist i\u015fgale yakla\u015f\u0131k 10.000 tank mermisi g\u00f6ndermeyi kabul etme niyetini en g\u00fc\u00e7l\u00fc \u015fekilde k\u0131n\u0131yoruz, bu da onu halk\u0131m\u0131za kar\u015f\u0131 sava\u015fta do\u011frudan &hellip;<\/p>\n","protected":false},"author":41,"featured_media":295339,"comment_status":"closed","ping_status":"closed","sticky":false,"template":"","format":"standard","meta":{"footnotes":""},"categories":[458,459,17988],"tags":[],"class_list":["post-295338","post","type-post","status-publish","format-standard","has-post-thumbnail","","category-dunya1","category-haberler-arap-uluslararasi-politika","category-son-haberler"],"_links":{"self":[{"href":"https:\/\/archive.sana.sy\/tr\/index.php?rest_route=\/wp\/v2\/posts\/295338","targetHints":{"allow":["GET"]}}],"collection":[{"href":"https:\/\/archive.sana.sy\/tr\/index.php?rest_route=\/wp\/v2\/posts"}],"about":[{"href":"https:\/\/archive.sana.sy\/tr\/index.php?rest_route=\/wp\/v2\/types\/post"}],"author":[{"embeddable":true,"href":"https:\/\/archive.sana.sy\/tr\/index.php?rest_route=\/wp\/v2\/users\/41"}],"replies":[{"embeddable":true,"href":"https:\/\/archive.sana.sy\/tr\/index.php?rest_route=%2Fwp%2Fv2%2Fcomments&post=295338"}],"version-history":[{"count":1,"href":"https:\/\/archive.sana.sy\/tr\/index.php?rest_route=\/wp\/v2\/posts\/295338\/revisions"}],"predecessor-version":[{"id":295340,"href":"https:\/\/archive.sana.sy\/tr\/index.php?rest_route=\/wp\/v2\/posts\/295338\/revisions\/295340"}],"wp:featuredmedia":[{"embeddable":true,"href":"https:\/\/archive.sana.sy\/tr\/index.php?rest_route=\/wp\/v2\/media\/295339"}],"wp:attachment":[{"href":"https:\/\/archive.sana.sy\/tr\/index.php?rest_route=%2Fwp%2Fv2%2Fmedia&parent=295338"}],"wp:term":[{"taxonomy":"category","embeddable":true,"href":"https:\/\/archive.sana.sy\/tr\/index.php?rest_route=%2Fwp%2Fv2%2Fcategories&post=295338"},{"taxonomy":"post_tag","embeddable":true,"href":"https:\/\/archive.sana.sy\/tr\/index.php?rest_route=%2Fwp%2Fv2%2Ftags&post=295338"}],"curies":[{"name":"wp","href":"https:\/\/api.w.org\/{rel}","templated":true}]}}