{"id":295341,"date":"2024-01-17T11:45:20","date_gmt":"2024-01-17T08:45:20","guid":{"rendered":"https:\/\/sana.sy\/tr\/?p=295341"},"modified":"2024-01-19T08:46:34","modified_gmt":"2024-01-19T05:46:34","slug":"cuper-avustralya-ile-macimiz-zor-ve-oyuncularimizin-yeteneklerine-guveniyoruz","status":"publish","type":"post","link":"https:\/\/archive.sana.sy\/tr\/?p=295341","title":{"rendered":"Cuper: Avustralya \u0130le Ma\u00e7\u0131m\u0131z Zor Ve Oyuncular\u0131m\u0131z\u0131n Yeteneklerine G\u00fcveniyoruz"},"content":{"rendered":"<p style=\"text-align: justify;\"><strong>DOHA 17 OCAK (SANA)<\/strong> &#8211; Suriye milli futbol tak\u0131m\u0131, Katar&#8217;da d\u00fczenlenen Asya Kupas\u0131 grup a\u015famas\u0131n\u0131n ikinci turunda yar\u0131n Avustralyal\u0131 mevkida\u015f\u0131 Casim bin Hamad Stad\u0131&#8217;nda kar\u015f\u0131 kar\u015f\u0131ya gelecek.<\/p>\n<p style=\"text-align: justify;\"><img loading=\"lazy\" decoding=\"async\" class=\"size-full wp-image-295342 alignright\" src=\"http:\/\/sana.sy\/tr\/wp-content\/uploads\/2024\/01\/1-40-300x200-1.jpg\" alt=\"\" width=\"300\" height=\"200\" \/>Milli Tak\u0131m Teknik Direkt\u00f6r\u00fc Hector Cuper, kar\u015f\u0131la\u015fman\u0131n bas\u0131n toplant\u0131s\u0131nda \u015funlar\u0131 s\u00f6yledi: \u2018\u2019Yar\u0131nki ma\u00e7 ilk turun en g\u00fc\u00e7l\u00fc ma\u00e7\u0131, rakibin ma\u00e7lar\u0131n\u0131 analiz ettikten sonra ma\u00e7\u0131n \u015fartlar\u0131na g\u00f6re beraberlik iyi olabilir ama kazanmak i\u00e7in oynayaca\u011f\u0131z ki bu zor bir i\u015f. Ama arad\u0131\u011f\u0131m\u0131z hedef budur.<\/p>\n<p style=\"text-align: justify;\">Cuper ayr\u0131ca, \u2018\u2019Adaptasyon dozlar\u0131n\u0131 s\u00fcrekli art\u0131rmak i\u00e7in \u00e7al\u0131\u015f\u0131yoruz ve %100 adaptasyona ula\u015fmak zaman al\u0131yor ve farkl\u0131 oynama yollar\u0131 da mevcut. Bunu defansif ve ofansif olarak uygulayan oyuncular\u0131 se\u00e7iyoruz\u2019\u2019 diyerek, Tak\u0131m oyuncular\u0131m\u0131z\u0131n gerekli performans\u0131 sa\u011flay\u0131p istenilen galibiyeti elde edece\u011fine olan g\u00fcvenini dile getirdi.<\/p>\n<p style=\"text-align: justify;\">Milli tak\u0131m oyuncumuz Eyhem Uveyis ise milli tak\u0131mdaki oyuncular\u0131n anlay\u0131\u015fl\u0131 ve uyumlu oldu\u011funu, herkesin moralinin iyi oldu\u011funu, seyirciyi mutlu etmek i\u00e7in elimizden geleni yapaca\u011f\u0131m\u0131za dikkat \u00e7ekti.<\/p>\n<p style=\"text-align: justify;\">Ma\u00e7\u0131n yar\u0131n \u015eam saatiyle tam 14.30&#8217;da oynanaca\u011f\u0131 ve Adel Al Naqbi liderli\u011findeki Emirlik hakemlerinden olu\u015fan bir ekip taraf\u0131ndan y\u00f6netilece\u011fi dikkat \u00e7ekiyor.<\/p>\n<p style=\"text-align: center;\"><strong><a href=\"https:\/\/t.me\/SuriyeArapHaberAjansI\">Telegram Kanal\u0131m\u0131z\u00a0<\/a>||<a href=\"https:\/\/twitter.com\/arap_ajans\">X Platformumuz\u00a0<\/a>||<a href=\"https:\/\/www.facebook.com\/SANAHaberAjansi\/\">Facebook Sayfam\u0131z<\/a><\/strong><\/p>\n<p style=\"text-align: justify;\">\n","protected":false},"excerpt":{"rendered":"<p>DOHA 17 OCAK (SANA) &#8211; Suriye milli futbol tak\u0131m\u0131, Katar&#8217;da d\u00fczenlenen Asya Kupas\u0131 grup a\u015famas\u0131n\u0131n ikinci turunda yar\u0131n Avustralyal\u0131 mevkida\u015f\u0131 Casim bin Hamad Stad\u0131&#8217;nda kar\u015f\u0131 kar\u015f\u0131ya gelecek. Milli Tak\u0131m Teknik Direkt\u00f6r\u00fc Hector Cuper, kar\u015f\u0131la\u015fman\u0131n bas\u0131n toplant\u0131s\u0131nda \u015funlar\u0131 s\u00f6yledi: \u2018\u2019Yar\u0131nki ma\u00e7 ilk turun en g\u00fc\u00e7l\u00fc ma\u00e7\u0131, rakibin ma\u00e7lar\u0131n\u0131 analiz ettikten sonra ma\u00e7\u0131n \u015fartlar\u0131na g\u00f6re beraberlik iyi &hellip;<\/p>\n","protected":false},"author":41,"featured_media":295344,"comment_status":"closed","ping_status":"closed","sticky":false,"template":"","format":"standard","meta":{"footnotes":""},"categories":[458,498,459,17988,496],"tags":[],"class_list":["post-295341","post","type-post","status-publish","format-standard","has-post-thumbnail","","category-dunya1","category-dunya-turnuvalari","category-haberler-arap-uluslararasi-politika","category-son-haberler","category-spor"],"_links":{"self":[{"href":"https:\/\/archive.sana.sy\/tr\/index.php?rest_route=\/wp\/v2\/posts\/295341","targetHints":{"allow":["GET"]}}],"collection":[{"href":"https:\/\/archive.sana.sy\/tr\/index.php?rest_route=\/wp\/v2\/posts"}],"about":[{"href":"https:\/\/archive.sana.sy\/tr\/index.php?rest_route=\/wp\/v2\/types\/post"}],"author":[{"embeddable":true,"href":"https:\/\/archive.sana.sy\/tr\/index.php?rest_route=\/wp\/v2\/users\/41"}],"replies":[{"embeddable":true,"href":"https:\/\/archive.sana.sy\/tr\/index.php?rest_route=%2Fwp%2Fv2%2Fcomments&post=295341"}],"version-history":[{"count":1,"href":"https:\/\/archive.sana.sy\/tr\/index.php?rest_route=\/wp\/v2\/posts\/295341\/revisions"}],"predecessor-version":[{"id":295345,"href":"https:\/\/archive.sana.sy\/tr\/index.php?rest_route=\/wp\/v2\/posts\/295341\/revisions\/295345"}],"wp:featuredmedia":[{"embeddable":true,"href":"https:\/\/archive.sana.sy\/tr\/index.php?rest_route=\/wp\/v2\/media\/295344"}],"wp:attachment":[{"href":"https:\/\/archive.sana.sy\/tr\/index.php?rest_route=%2Fwp%2Fv2%2Fmedia&parent=295341"}],"wp:term":[{"taxonomy":"category","embeddable":true,"href":"https:\/\/archive.sana.sy\/tr\/index.php?rest_route=%2Fwp%2Fv2%2Fcategories&post=295341"},{"taxonomy":"post_tag","embeddable":true,"href":"https:\/\/archive.sana.sy\/tr\/index.php?rest_route=%2Fwp%2Fv2%2Ftags&post=295341"}],"curies":[{"name":"wp","href":"https:\/\/api.w.org\/{rel}","templated":true}]}}