{"id":295466,"date":"2024-01-19T17:00:20","date_gmt":"2024-01-19T14:00:20","guid":{"rendered":"https:\/\/sana.sy\/tr\/?p=295466"},"modified":"2024-01-21T09:21:58","modified_gmt":"2024-01-21T06:21:58","slug":"aaihg-israile-karsi-uluslararasi-adalet-onunde-acilan-davaya-ragmen-gazzede-soykirim-suclari-devam-ediyor","status":"publish","type":"post","link":"https:\/\/archive.sana.sy\/tr\/?p=295466","title":{"rendered":"AA\u0130HG: \u0130srail&#8217;e Kar\u015f\u0131 Uluslararas\u0131 Adalet \u00d6n\u00fcnde A\u00e7\u0131lan Davaya Ra\u011fmen Gazze&#8217;de Soyk\u0131r\u0131m Su\u00e7lar\u0131 Devam Ediyor"},"content":{"rendered":"<p style=\"text-align: justify;\"><strong>CENEVRE 19 OCAK (SANA) &#8211;<\/strong> Avrupa-Akdeniz \u0130nsan Haklar\u0131 G\u00f6zlemevi, Uluslararas\u0131 Adalet Divan\u0131&#8217;n\u0131n bir hafta \u00f6nce G\u00fcney Afrika Cumhuriyeti&#8217;nin &#8220;\u0130srail&#8221;e kar\u015f\u0131 a\u00e7t\u0131\u011f\u0131 davay\u0131 g\u00f6r\u00fc\u015fmek \u00fczere duru\u015fmalar\u0131n\u0131 ertelemesinden bu yana \u0130srail i\u015fgal g\u00fc\u00e7lerinin Gazze \u015eeridi&#8217;nde binden fazla Filistinliyi \u00f6ld\u00fcrd\u00fc\u011f\u00fcn\u00fc duyurdu.<\/p>\n<p style=\"text-align: justify;\">Avrupa-Akdeniz \u0130nsan Haklar\u0131 \u0130zleme \u00d6rg\u00fct\u00fc, &#8220;\u0130srailli avukatlardan olu\u015fan ekibin soyk\u0131r\u0131m su\u00e7lamas\u0131n\u0131 reddetmek i\u00e7in Uluslararas\u0131 Adalet Divan\u0131 \u00f6n\u00fcnde sundu\u011fu anlat\u0131n\u0131n aksine, sahadaki ger\u00e7ekler, &#8216;\u0130srail&#8217;in mahkeme \u00f6n\u00fcndeki savunma oturumu s\u0131ras\u0131nda bile bu su\u00e7u i\u015flemeyi asla b\u0131rakmad\u0131\u011f\u0131n\u0131 kan\u0131tl\u0131yor&#8221; dedi.<\/p>\n<p style=\"text-align: justify;\">G\u00f6zlemevi, sald\u0131r\u0131n\u0131n son haftas\u0131ndaki olaylar\u0131n, \u0130srail i\u015fgalinin Uluslararas\u0131 Adalet Divan\u0131 \u00f6n\u00fcndeki iddialar\u0131n\u0131 \u00e7\u00fcr\u00fctt\u00fc\u011f\u00fcn\u00fc, zira \u0130srail&#8217;in kitlesel ve bireysel katliamlar ger\u00e7ekle\u015ftirmeye devam etti\u011fini ve yaln\u0131zca yedi g\u00fcn i\u00e7inde 1.018 Filistinliyi \u00f6ld\u00fcrd\u00fc\u011f\u00fcn\u00fc belirtti.<\/p>\n<p style=\"text-align: justify;\">G\u00f6zlemevi ayr\u0131ca, s\u00f6z konusu istatistiklerin yaln\u0131zca hastaneye gelenleri kapsad\u0131\u011f\u0131n\u0131, ancak g\u00fcnde en az 15 ki\u015finin \u00f6ld\u00fc\u011f\u00fcne dair ifade ve verilerin bulundu\u011funu, bu d\u00f6nemde cenazelerin hastanelere ula\u015fmad\u0131\u011f\u0131n\u0131 belirtti. \u00c7\u00fcnk\u00fc cesetlerini kurtarmak m\u00fcmk\u00fcn de\u011fildi.<\/p>\n<p style=\"text-align: justify;\">G\u00f6zlemevi de, Bunun, bu operasyonlar\u0131n amac\u0131n\u0131n Gazze \u015eeridi&#8217;nde ya\u015fayanlar\u0131n ya\u015famlar\u0131n\u0131 yok etmek ve yerinden edilenlerin evlerine ve ya\u015fad\u0131klar\u0131 yerlere zorla geri d\u00f6n\u00fc\u015flerini engellemek oldu\u011funu g\u00f6sterdi\u011fini vurgulad\u0131.<\/p>\n<p style=\"text-align: justify;\">Avrupa-Akdeniz G\u00f6zlemevi, a\u00e7l\u0131\u011f\u0131 bir sava\u015f arac\u0131 olarak kullanan devam eden \u0130srail i\u015fgalini k\u0131nayarak, genel olarak Gazze \u015eeridi&#8217;ne giren, \u00f6zel olarak da Gazze \u015eeridi&#8217;nin kuzeyine ula\u015fan yard\u0131m miktar\u0131n\u0131n, vah\u015fi sald\u0131r\u0131lar\u0131n \u00fczerinden y\u00fcz g\u00fcnden fazla bir s\u00fcre ge\u00e7tikten sonra artan ihtiya\u00e7lar\u0131 kar\u015f\u0131lamad\u0131\u011f\u0131na dikkat \u00e7ekti.<\/p>\n<p style=\"text-align: justify;\">G\u00f6zlemevi, \u00f6zellikle k\u0131tl\u0131k riskinin artmas\u0131 ve daha fazla insan\u0131n tehlikeli ve \u00f6l\u00fcmc\u00fcl hastal\u0131klar\u0131n yay\u0131lmas\u0131na maruz kalmas\u0131 nedeniyle Gazze \u015eeridi&#8217;nde ciddi g\u0131da, t\u0131bbi ve temel malzeme k\u0131tl\u0131\u011f\u0131n\u0131n devam etmesi tehlikesi konusunda \u00a0da uyard\u0131.<\/p>\n<p>&nbsp;<\/p>\n<p style=\"text-align: center;\"><strong><a href=\"https:\/\/t.me\/SuriyeArapHaberAjansI\">Telegram Kanal\u0131m\u0131z\u00a0<\/a>||<a href=\"https:\/\/twitter.com\/arap_ajans\">X Platformumuz\u00a0<\/a>||<a href=\"https:\/\/www.facebook.com\/SANAHaberAjansi\/\">Facebook Sayfam\u0131z<\/a><\/strong><\/p>\n","protected":false},"excerpt":{"rendered":"<p>CENEVRE 19 OCAK (SANA) &#8211; Avrupa-Akdeniz \u0130nsan Haklar\u0131 G\u00f6zlemevi, Uluslararas\u0131 Adalet Divan\u0131&#8217;n\u0131n bir hafta \u00f6nce G\u00fcney Afrika Cumhuriyeti&#8217;nin &#8220;\u0130srail&#8221;e kar\u015f\u0131 a\u00e7t\u0131\u011f\u0131 davay\u0131 g\u00f6r\u00fc\u015fmek \u00fczere duru\u015fmalar\u0131n\u0131 ertelemesinden bu yana \u0130srail i\u015fgal g\u00fc\u00e7lerinin Gazze \u015eeridi&#8217;nde binden fazla Filistinliyi \u00f6ld\u00fcrd\u00fc\u011f\u00fcn\u00fc duyurdu. Avrupa-Akdeniz \u0130nsan Haklar\u0131 \u0130zleme \u00d6rg\u00fct\u00fc, &#8220;\u0130srailli avukatlardan olu\u015fan ekibin soyk\u0131r\u0131m su\u00e7lamas\u0131n\u0131 reddetmek i\u00e7in Uluslararas\u0131 Adalet Divan\u0131 \u00f6n\u00fcnde &hellip;<\/p>\n","protected":false},"author":1,"featured_media":295467,"comment_status":"closed","ping_status":"closed","sticky":false,"template":"","format":"standard","meta":{"footnotes":""},"categories":[458,459,17988],"tags":[],"class_list":["post-295466","post","type-post","status-publish","format-standard","has-post-thumbnail","","category-dunya1","category-haberler-arap-uluslararasi-politika","category-son-haberler"],"_links":{"self":[{"href":"https:\/\/archive.sana.sy\/tr\/index.php?rest_route=\/wp\/v2\/posts\/295466","targetHints":{"allow":["GET"]}}],"collection":[{"href":"https:\/\/archive.sana.sy\/tr\/index.php?rest_route=\/wp\/v2\/posts"}],"about":[{"href":"https:\/\/archive.sana.sy\/tr\/index.php?rest_route=\/wp\/v2\/types\/post"}],"author":[{"embeddable":true,"href":"https:\/\/archive.sana.sy\/tr\/index.php?rest_route=\/wp\/v2\/users\/1"}],"replies":[{"embeddable":true,"href":"https:\/\/archive.sana.sy\/tr\/index.php?rest_route=%2Fwp%2Fv2%2Fcomments&post=295466"}],"version-history":[{"count":1,"href":"https:\/\/archive.sana.sy\/tr\/index.php?rest_route=\/wp\/v2\/posts\/295466\/revisions"}],"predecessor-version":[{"id":295468,"href":"https:\/\/archive.sana.sy\/tr\/index.php?rest_route=\/wp\/v2\/posts\/295466\/revisions\/295468"}],"wp:featuredmedia":[{"embeddable":true,"href":"https:\/\/archive.sana.sy\/tr\/index.php?rest_route=\/wp\/v2\/media\/295467"}],"wp:attachment":[{"href":"https:\/\/archive.sana.sy\/tr\/index.php?rest_route=%2Fwp%2Fv2%2Fmedia&parent=295466"}],"wp:term":[{"taxonomy":"category","embeddable":true,"href":"https:\/\/archive.sana.sy\/tr\/index.php?rest_route=%2Fwp%2Fv2%2Fcategories&post=295466"},{"taxonomy":"post_tag","embeddable":true,"href":"https:\/\/archive.sana.sy\/tr\/index.php?rest_route=%2Fwp%2Fv2%2Ftags&post=295466"}],"curies":[{"name":"wp","href":"https:\/\/api.w.org\/{rel}","templated":true}]}}