{"id":295479,"date":"2024-01-20T11:48:34","date_gmt":"2024-01-20T08:48:34","guid":{"rendered":"https:\/\/sana.sy\/tr\/?p=295479"},"modified":"2024-01-21T09:22:12","modified_gmt":"2024-01-21T06:22:12","slug":"dusman-israil-guney-lubnandaki-kasaba-ve-koylere-yonelik-ihlallerini-ve-saldirilarini-yeniledi","status":"publish","type":"post","link":"https:\/\/archive.sana.sy\/tr\/?p=295479","title":{"rendered":"D\u00fc\u015fman \u0130srail G\u00fcney L\u00fcbnan&#8217;daki Kasaba ve K\u00f6ylere Y\u00f6nelik \u0130hlallerini ve Sald\u0131r\u0131lar\u0131n\u0131 Yeniledi"},"content":{"rendered":"<p><strong>DEYR\u00dcT 20 OCAK 2024 (SANA) \u2013<\/strong>\u00a0d\u00fc\u015fman \u0130srail, L\u00fcbnan egemenli\u011fine y\u00f6nelik ihlallerini ve i\u015fgal alt\u0131ndaki Filistin ile s\u0131n\u0131r kasabalar\u0131 ve k\u00f6ylerine y\u00f6nelik sald\u0131r\u0131lar\u0131n\u0131 yineledi.<\/p>\n<p>L\u00fcbnan Ulusal Haber Ajans\u0131, \u0130srail d\u00fc\u015fman\u0131n\u0131n d\u00fcn gece boyunca ve bu sabaha kadar Litani Nehri boyunca bat\u0131 ve orta kesimlerdeki k\u00f6ylerden Tire b\u00f6lgesinin eteklerine ve deniz k\u0131y\u0131s\u0131na kadar casus ve ke\u015fif u\u00e7u\u015flar\u0131n\u0131 yo\u011funla\u015ft\u0131rd\u0131\u011f\u0131n\u0131 bildirdi.<\/p>\n<p style=\"text-align: center;\"><strong><a href=\"https:\/\/t.me\/SuriyeArapHaberAjansI\">Telegram Kanal\u0131m\u0131z\u00a0<\/a>||<a href=\"https:\/\/twitter.com\/arap_ajans\">X Platformumuz\u00a0<\/a>||<a href=\"https:\/\/www.facebook.com\/SANAHaberAjansi\/\">Facebook Sayfam\u0131z<\/a><\/strong><\/p>\n","protected":false},"excerpt":{"rendered":"<p>DEYR\u00dcT 20 OCAK 2024 (SANA) \u2013\u00a0d\u00fc\u015fman \u0130srail, L\u00fcbnan egemenli\u011fine y\u00f6nelik ihlallerini ve i\u015fgal alt\u0131ndaki Filistin ile s\u0131n\u0131r kasabalar\u0131 ve k\u00f6ylerine y\u00f6nelik sald\u0131r\u0131lar\u0131n\u0131 yineledi. L\u00fcbnan Ulusal Haber Ajans\u0131, \u0130srail d\u00fc\u015fman\u0131n\u0131n d\u00fcn gece boyunca ve bu sabaha kadar Litani Nehri boyunca bat\u0131 ve orta kesimlerdeki k\u00f6ylerden Tire b\u00f6lgesinin eteklerine ve deniz k\u0131y\u0131s\u0131na kadar casus ve ke\u015fif u\u00e7u\u015flar\u0131n\u0131 &hellip;<\/p>\n","protected":false},"author":36,"featured_media":295480,"comment_status":"closed","ping_status":"closed","sticky":false,"template":"","format":"standard","meta":{"footnotes":""},"categories":[458,459,17988],"tags":[],"class_list":["post-295479","post","type-post","status-publish","format-standard","has-post-thumbnail","","category-dunya1","category-haberler-arap-uluslararasi-politika","category-son-haberler"],"_links":{"self":[{"href":"https:\/\/archive.sana.sy\/tr\/index.php?rest_route=\/wp\/v2\/posts\/295479","targetHints":{"allow":["GET"]}}],"collection":[{"href":"https:\/\/archive.sana.sy\/tr\/index.php?rest_route=\/wp\/v2\/posts"}],"about":[{"href":"https:\/\/archive.sana.sy\/tr\/index.php?rest_route=\/wp\/v2\/types\/post"}],"author":[{"embeddable":true,"href":"https:\/\/archive.sana.sy\/tr\/index.php?rest_route=\/wp\/v2\/users\/36"}],"replies":[{"embeddable":true,"href":"https:\/\/archive.sana.sy\/tr\/index.php?rest_route=%2Fwp%2Fv2%2Fcomments&post=295479"}],"version-history":[{"count":1,"href":"https:\/\/archive.sana.sy\/tr\/index.php?rest_route=\/wp\/v2\/posts\/295479\/revisions"}],"predecessor-version":[{"id":295481,"href":"https:\/\/archive.sana.sy\/tr\/index.php?rest_route=\/wp\/v2\/posts\/295479\/revisions\/295481"}],"wp:featuredmedia":[{"embeddable":true,"href":"https:\/\/archive.sana.sy\/tr\/index.php?rest_route=\/wp\/v2\/media\/295480"}],"wp:attachment":[{"href":"https:\/\/archive.sana.sy\/tr\/index.php?rest_route=%2Fwp%2Fv2%2Fmedia&parent=295479"}],"wp:term":[{"taxonomy":"category","embeddable":true,"href":"https:\/\/archive.sana.sy\/tr\/index.php?rest_route=%2Fwp%2Fv2%2Fcategories&post=295479"},{"taxonomy":"post_tag","embeddable":true,"href":"https:\/\/archive.sana.sy\/tr\/index.php?rest_route=%2Fwp%2Fv2%2Ftags&post=295479"}],"curies":[{"name":"wp","href":"https:\/\/api.w.org\/{rel}","templated":true}]}}