{"id":295498,"date":"2024-01-20T11:50:30","date_gmt":"2024-01-20T08:50:30","guid":{"rendered":"https:\/\/sana.sy\/tr\/?p=295498"},"modified":"2024-01-21T09:22:47","modified_gmt":"2024-01-21T06:22:47","slug":"israilin-gazze-seridine-yonelik-saldirganliklarinin-106nci-gununde-sehitler-ve-yaralilar","status":"publish","type":"post","link":"https:\/\/archive.sana.sy\/tr\/?p=295498","title":{"rendered":"\u0130srail&#8217;in Gazze \u015eeridi&#8217;ne Y\u00f6nelik Sald\u0131rganl\u0131klar\u0131n\u0131n 106&#8217;nc\u0131 G\u00fcn\u00fcnde \u015eehitler Ve Yaral\u0131lar"},"content":{"rendered":"<p style=\"text-align: justify;\"><strong>\u0130\u015eGAL ED\u0130LEN KUD\u00dcS 20 OCAK (SANA)<\/strong> &#8211; \u0130srail i\u015fgalinin Gazze \u015eeridi&#8217;nin \u00e7e\u015fitli yerlerini bombalamas\u0131, evleri, kamu ve \u00f6zel m\u00fclkleri yok etmesi s\u0131ras\u0131nda bu sabah 106&#8217;nc\u0131 g\u00fcn\u00fcne giren sald\u0131rganl\u0131klar\u0131nda aralar\u0131nda \u00e7ocuk ve kad\u0131nlar\u0131n da bulundu\u011fu onlarca Filistinli \u015fehit oldu ve yaraland\u0131.<\/p>\n<p style=\"text-align: justify;\">Wafa Haber Ajans\u0131, \u2018\u2019\u0130\u015fgal, Gazze \u015eeridi&#8217;nin g\u00fcneyindeki Han Yunus&#8217;un \u00e7e\u015fitli b\u00f6lgelerine bir dizi insans\u0131z hava arac\u0131 sald\u0131r\u0131s\u0131 d\u00fczenledi ve bu sald\u0131r\u0131lar \u00e7ok say\u0131da Filistinlinin \u00f6l\u00fcm\u00fcne ve yaralanmas\u0131na yol a\u00e7t\u0131. Ayr\u0131ca kuzeydo\u011fudaki El Karara kasabas\u0131nda da \u00e7ok say\u0131da evi bombalayarak d\u00fczinelerce ki\u015fiyi \u00f6ld\u00fcrd\u00fc ve di\u011ferlerini de yaralad\u0131\u2019\u2019 dedi.<\/p>\n<p style=\"text-align: justify;\">\u0130\u015fgal g\u00fc\u00e7leri ayr\u0131ca Han Yunus&#8217;un do\u011fusundaki Bani Suhaila, El Zana ve Abasan&#8217;a da ba\u015fka bask\u0131nlar ve top at\u0131\u015flar\u0131 d\u00fczenledi.<\/p>\n<p style=\"text-align: justify;\">Bat\u0131da El Katiba b\u00f6lgesi ve El Amal mahallesi ile g\u00fcneydo\u011fuda Kayzan El Neccar mahallesine top at\u0131\u015flar\u0131 yenilenirken, istasyon alan\u0131 \u00e7evresinden de patlama sesleri duyuldu.<\/p>\n<p style=\"text-align: justify;\">\u0130\u015fgal, Gazze \u015eehri&#8217;nin do\u011fusundaki El Kurm Kav\u015fa\u011f\u0131 \u00e7evresini bombalad\u0131 ve top\u00e7ular\u0131, Gazze \u015eeridi&#8217;nin kuzeyindeki Jabalia kamp\u0131ndaki El Sikke b\u00f6lgesini ve Cebaliye kasabas\u0131n\u0131 d\u00fczinelerce top mermisiyle bombalad\u0131.<\/p>\n<p style=\"text-align: center;\"><strong><a href=\"https:\/\/t.me\/SuriyeArapHaberAjansI\">Telegram Kanal\u0131m\u0131z\u00a0<\/a>||<a href=\"https:\/\/twitter.com\/arap_ajans\">X Platformumuz\u00a0<\/a>||<a href=\"https:\/\/www.facebook.com\/SANAHaberAjansi\/\">Facebook Sayfam\u0131z<\/a><\/strong><\/p>\n","protected":false},"excerpt":{"rendered":"<p>\u0130\u015eGAL ED\u0130LEN KUD\u00dcS 20 OCAK (SANA) &#8211; \u0130srail i\u015fgalinin Gazze \u015eeridi&#8217;nin \u00e7e\u015fitli yerlerini bombalamas\u0131, evleri, kamu ve \u00f6zel m\u00fclkleri yok etmesi s\u0131ras\u0131nda bu sabah 106&#8217;nc\u0131 g\u00fcn\u00fcne giren sald\u0131rganl\u0131klar\u0131nda aralar\u0131nda \u00e7ocuk ve kad\u0131nlar\u0131n da bulundu\u011fu onlarca Filistinli \u015fehit oldu ve yaraland\u0131. Wafa Haber Ajans\u0131, \u2018\u2019\u0130\u015fgal, Gazze \u015eeridi&#8217;nin g\u00fcneyindeki Han Yunus&#8217;un \u00e7e\u015fitli b\u00f6lgelerine bir dizi insans\u0131z hava &hellip;<\/p>\n","protected":false},"author":41,"featured_media":295499,"comment_status":"closed","ping_status":"closed","sticky":false,"template":"","format":"standard","meta":{"footnotes":""},"categories":[458,459,17988],"tags":[],"class_list":["post-295498","post","type-post","status-publish","format-standard","has-post-thumbnail","","category-dunya1","category-haberler-arap-uluslararasi-politika","category-son-haberler"],"_links":{"self":[{"href":"https:\/\/archive.sana.sy\/tr\/index.php?rest_route=\/wp\/v2\/posts\/295498","targetHints":{"allow":["GET"]}}],"collection":[{"href":"https:\/\/archive.sana.sy\/tr\/index.php?rest_route=\/wp\/v2\/posts"}],"about":[{"href":"https:\/\/archive.sana.sy\/tr\/index.php?rest_route=\/wp\/v2\/types\/post"}],"author":[{"embeddable":true,"href":"https:\/\/archive.sana.sy\/tr\/index.php?rest_route=\/wp\/v2\/users\/41"}],"replies":[{"embeddable":true,"href":"https:\/\/archive.sana.sy\/tr\/index.php?rest_route=%2Fwp%2Fv2%2Fcomments&post=295498"}],"version-history":[{"count":2,"href":"https:\/\/archive.sana.sy\/tr\/index.php?rest_route=\/wp\/v2\/posts\/295498\/revisions"}],"predecessor-version":[{"id":295532,"href":"https:\/\/archive.sana.sy\/tr\/index.php?rest_route=\/wp\/v2\/posts\/295498\/revisions\/295532"}],"wp:featuredmedia":[{"embeddable":true,"href":"https:\/\/archive.sana.sy\/tr\/index.php?rest_route=\/wp\/v2\/media\/295499"}],"wp:attachment":[{"href":"https:\/\/archive.sana.sy\/tr\/index.php?rest_route=%2Fwp%2Fv2%2Fmedia&parent=295498"}],"wp:term":[{"taxonomy":"category","embeddable":true,"href":"https:\/\/archive.sana.sy\/tr\/index.php?rest_route=%2Fwp%2Fv2%2Fcategories&post=295498"},{"taxonomy":"post_tag","embeddable":true,"href":"https:\/\/archive.sana.sy\/tr\/index.php?rest_route=%2Fwp%2Fv2%2Ftags&post=295498"}],"curies":[{"name":"wp","href":"https:\/\/api.w.org\/{rel}","templated":true}]}}