{"id":2956,"date":"2014-05-23T14:09:19","date_gmt":"2014-05-23T11:09:19","guid":{"rendered":"http:\/\/sanasyria.org\/tr\/?p=2956"},"modified":"2014-06-13T14:18:42","modified_gmt":"2014-06-13T11:18:42","slug":"fatima-vatanini-temsil-etmenin-onurunu-yasiyor","status":"publish","type":"post","link":"https:\/\/archive.sana.sy\/tr\/?p=2956","title":{"rendered":"Fatima Vatan\u0131n\u0131 Temsil Etmenin Onurunu Ya\u015f\u0131yor"},"content":{"rendered":"<p><span style=\"color: #800000\">BANGKOK \u2013<\/span> Milli olimpiyat sporcumuz Fatima Meyya 2000 metrelik engelli ko\u015fu maratonunu 7.14.11 dakikada tamamlayarak alt\u0131n madalya almaya ve A\u011fustos ay\u0131nda \u00c7in\u2019de d\u00fczenlenecek olimpiyatlarda Suriye\u2019yi temsil etme hakk\u0131n\u0131 kazand\u0131.<\/p>\n<p><a href=\"http:\/\/sanasyria.org\/tr\/wp-content\/uploads\/2014\/06\/f-21.jpg\"><img loading=\"lazy\" decoding=\"async\" class=\"aligncenter wp-image-2962 size-full\" src=\"http:\/\/sanasyria.org\/tr\/wp-content\/uploads\/2014\/06\/f-21.jpg\" alt=\"f 2\" width=\"620\" height=\"330\" srcset=\"https:\/\/archive.sana.sy\/tr\/wp-content\/uploads\/2014\/06\/f-21.jpg 620w, https:\/\/archive.sana.sy\/tr\/wp-content\/uploads\/2014\/06\/f-21-150x79.jpg 150w, https:\/\/archive.sana.sy\/tr\/wp-content\/uploads\/2014\/06\/f-21-300x160.jpg 300w\" sizes=\"auto, (max-width: 620px) 100vw, 620px\" \/><\/a><\/p>\n<p>&nbsp;<\/p>\n<p><a href=\"http:\/\/sanasyria.org\/tr\/wp-content\/uploads\/2014\/06\/f-31.jpg\"><img loading=\"lazy\" decoding=\"async\" class=\"aligncenter wp-image-2963 size-full\" src=\"http:\/\/sanasyria.org\/tr\/wp-content\/uploads\/2014\/06\/f-31.jpg\" alt=\"f 3\" width=\"620\" height=\"330\" srcset=\"https:\/\/archive.sana.sy\/tr\/wp-content\/uploads\/2014\/06\/f-31.jpg 620w, https:\/\/archive.sana.sy\/tr\/wp-content\/uploads\/2014\/06\/f-31-150x79.jpg 150w, https:\/\/archive.sana.sy\/tr\/wp-content\/uploads\/2014\/06\/f-31-300x160.jpg 300w\" sizes=\"auto, (max-width: 620px) 100vw, 620px\" \/><\/a><\/p>\n<p>&nbsp;<\/p>\n<p><a href=\"http:\/\/sanasyria.org\/tr\/wp-content\/uploads\/2014\/06\/f-41.jpg\"><img loading=\"lazy\" decoding=\"async\" class=\"aligncenter wp-image-2964 size-full\" src=\"http:\/\/sanasyria.org\/tr\/wp-content\/uploads\/2014\/06\/f-41.jpg\" alt=\"f 4\" width=\"620\" height=\"330\" srcset=\"https:\/\/archive.sana.sy\/tr\/wp-content\/uploads\/2014\/06\/f-41.jpg 620w, https:\/\/archive.sana.sy\/tr\/wp-content\/uploads\/2014\/06\/f-41-150x79.jpg 150w, https:\/\/archive.sana.sy\/tr\/wp-content\/uploads\/2014\/06\/f-41-300x160.jpg 300w\" sizes=\"auto, (max-width: 620px) 100vw, 620px\" \/><\/a><\/p>\n","protected":false},"excerpt":{"rendered":"<p>BANGKOK \u2013 Milli olimpiyat sporcumuz Fatima Meyya 2000 metrelik engelli ko\u015fu maratonunu 7.14.11 dakikada tamamlayarak alt\u0131n madalya almaya ve A\u011fustos ay\u0131nda \u00c7in\u2019de d\u00fczenlenecek olimpiyatlarda Suriye\u2019yi temsil etme hakk\u0131n\u0131 kazand\u0131. &nbsp; &nbsp;<\/p>\n","protected":false},"author":1,"featured_media":2958,"comment_status":"closed","ping_status":"closed","sticky":false,"template":"","format":"standard","meta":{"footnotes":""},"categories":[596,1],"tags":[],"class_list":["post-2956","post","type-post","status-publish","format-standard","has-post-thumbnail","","category-fotografli-raporlar","category-news-not-sorted"],"_links":{"self":[{"href":"https:\/\/archive.sana.sy\/tr\/index.php?rest_route=\/wp\/v2\/posts\/2956","targetHints":{"allow":["GET"]}}],"collection":[{"href":"https:\/\/archive.sana.sy\/tr\/index.php?rest_route=\/wp\/v2\/posts"}],"about":[{"href":"https:\/\/archive.sana.sy\/tr\/index.php?rest_route=\/wp\/v2\/types\/post"}],"author":[{"embeddable":true,"href":"https:\/\/archive.sana.sy\/tr\/index.php?rest_route=\/wp\/v2\/users\/1"}],"replies":[{"embeddable":true,"href":"https:\/\/archive.sana.sy\/tr\/index.php?rest_route=%2Fwp%2Fv2%2Fcomments&post=2956"}],"version-history":[{"count":0,"href":"https:\/\/archive.sana.sy\/tr\/index.php?rest_route=\/wp\/v2\/posts\/2956\/revisions"}],"wp:featuredmedia":[{"embeddable":true,"href":"https:\/\/archive.sana.sy\/tr\/index.php?rest_route=\/wp\/v2\/media\/2958"}],"wp:attachment":[{"href":"https:\/\/archive.sana.sy\/tr\/index.php?rest_route=%2Fwp%2Fv2%2Fmedia&parent=2956"}],"wp:term":[{"taxonomy":"category","embeddable":true,"href":"https:\/\/archive.sana.sy\/tr\/index.php?rest_route=%2Fwp%2Fv2%2Fcategories&post=2956"},{"taxonomy":"post_tag","embeddable":true,"href":"https:\/\/archive.sana.sy\/tr\/index.php?rest_route=%2Fwp%2Fv2%2Ftags&post=2956"}],"curies":[{"name":"wp","href":"https:\/\/api.w.org\/{rel}","templated":true}]}}