{"id":295748,"date":"2024-01-23T14:05:47","date_gmt":"2024-01-23T11:05:47","guid":{"rendered":"https:\/\/sana.sy\/tr\/?p=295748"},"modified":"2024-01-24T14:02:47","modified_gmt":"2024-01-24T11:02:47","slug":"savunma-bakanligi-dera-kirsalinda-cok-sayida-patlayici-imha-edildi-ve-suriye-urdun-siniri-yakininda-bir-iha-dusuruldu","status":"publish","type":"post","link":"https:\/\/archive.sana.sy\/tr\/?p=295748","title":{"rendered":"Savunma Bakanl\u0131\u011f\u0131: Dera K\u0131rsal\u0131nda \u00c7ok Say\u0131da Patlay\u0131c\u0131 \u0130mha Edildi Ve Suriye-\u00dcrd\u00fcn S\u0131n\u0131r\u0131 Yak\u0131n\u0131nda Bir \u0130HA D\u00fc\u015f\u00fcr\u00fcld\u00fc"},"content":{"rendered":"<p style=\"text-align: justify;\"><strong>\u015eAM 23 OCAK (SANA)<\/strong> &#8211; Silahl\u0131 kuvvetlerimizin Dera k\u0131rsal\u0131nda faaliyet g\u00f6steren istihkam birlikleri mensuplar\u0131, Busra El Harir, El Harir \u00a0ve El M\u00fczeyrib kasabalar\u0131nda yol kenar\u0131nda yoldan ge\u00e7enleri hedef almak \u00fczere ter\u00f6ristler taraf\u0131ndan kaya \u015feklinde kamufle edilen \u00e7ok say\u0131da patlay\u0131c\u0131y\u0131 imha etti..<\/p>\n<p style=\"text-align: justify;\">Savunma Bakanl\u0131\u011f\u0131, s\u0131n\u0131r muhaf\u0131z birli\u011finin Suriye-\u00dcrd\u00fcn s\u0131n\u0131r\u0131 yak\u0131n\u0131nda bir insans\u0131z hava arac\u0131n\u0131 d\u00fc\u015f\u00fcrmeyi ba\u015fard\u0131\u011f\u0131n\u0131 s\u00f6yledi.<\/p>\n<p style=\"text-align: center;\"><strong><a href=\"https:\/\/t.me\/SuriyeArapHaberAjansI\">Telegram Kanal\u0131m\u0131z\u00a0<\/a>||<a href=\"https:\/\/twitter.com\/arap_ajans\">X Platformumuz\u00a0<\/a>||<a href=\"https:\/\/www.facebook.com\/SANAHaberAjansi\/\">Facebook Sayfam\u0131z<\/a><\/strong><\/p>\n","protected":false},"excerpt":{"rendered":"<p>\u015eAM 23 OCAK (SANA) &#8211; Silahl\u0131 kuvvetlerimizin Dera k\u0131rsal\u0131nda faaliyet g\u00f6steren istihkam birlikleri mensuplar\u0131, Busra El Harir, El Harir \u00a0ve El M\u00fczeyrib kasabalar\u0131nda yol kenar\u0131nda yoldan ge\u00e7enleri hedef almak \u00fczere ter\u00f6ristler taraf\u0131ndan kaya \u015feklinde kamufle edilen \u00e7ok say\u0131da patlay\u0131c\u0131y\u0131 imha etti.. Savunma Bakanl\u0131\u011f\u0131, s\u0131n\u0131r muhaf\u0131z birli\u011finin Suriye-\u00dcrd\u00fcn s\u0131n\u0131r\u0131 yak\u0131n\u0131nda bir insans\u0131z hava arac\u0131n\u0131 d\u00fc\u015f\u00fcrmeyi ba\u015fard\u0131\u011f\u0131n\u0131 &hellip;<\/p>\n","protected":false},"author":41,"featured_media":295749,"comment_status":"closed","ping_status":"closed","sticky":false,"template":"","format":"standard","meta":{"footnotes":""},"categories":[458,459,17988],"tags":[],"class_list":["post-295748","post","type-post","status-publish","format-standard","has-post-thumbnail","","category-dunya1","category-haberler-arap-uluslararasi-politika","category-son-haberler"],"_links":{"self":[{"href":"https:\/\/archive.sana.sy\/tr\/index.php?rest_route=\/wp\/v2\/posts\/295748","targetHints":{"allow":["GET"]}}],"collection":[{"href":"https:\/\/archive.sana.sy\/tr\/index.php?rest_route=\/wp\/v2\/posts"}],"about":[{"href":"https:\/\/archive.sana.sy\/tr\/index.php?rest_route=\/wp\/v2\/types\/post"}],"author":[{"embeddable":true,"href":"https:\/\/archive.sana.sy\/tr\/index.php?rest_route=\/wp\/v2\/users\/41"}],"replies":[{"embeddable":true,"href":"https:\/\/archive.sana.sy\/tr\/index.php?rest_route=%2Fwp%2Fv2%2Fcomments&post=295748"}],"version-history":[{"count":1,"href":"https:\/\/archive.sana.sy\/tr\/index.php?rest_route=\/wp\/v2\/posts\/295748\/revisions"}],"predecessor-version":[{"id":295750,"href":"https:\/\/archive.sana.sy\/tr\/index.php?rest_route=\/wp\/v2\/posts\/295748\/revisions\/295750"}],"wp:featuredmedia":[{"embeddable":true,"href":"https:\/\/archive.sana.sy\/tr\/index.php?rest_route=\/wp\/v2\/media\/295749"}],"wp:attachment":[{"href":"https:\/\/archive.sana.sy\/tr\/index.php?rest_route=%2Fwp%2Fv2%2Fmedia&parent=295748"}],"wp:term":[{"taxonomy":"category","embeddable":true,"href":"https:\/\/archive.sana.sy\/tr\/index.php?rest_route=%2Fwp%2Fv2%2Fcategories&post=295748"},{"taxonomy":"post_tag","embeddable":true,"href":"https:\/\/archive.sana.sy\/tr\/index.php?rest_route=%2Fwp%2Fv2%2Ftags&post=295748"}],"curies":[{"name":"wp","href":"https:\/\/api.w.org\/{rel}","templated":true}]}}