{"id":295751,"date":"2024-01-23T14:18:48","date_gmt":"2024-01-23T11:18:48","guid":{"rendered":"https:\/\/sana.sy\/tr\/?p=295751"},"modified":"2024-01-24T08:09:34","modified_gmt":"2024-01-24T05:09:34","slug":"israilin-gazze-seridine-yonelik-devam-eden-isgal-saldirilarinda-magdurlarin-sayisi-25-bin-490-sehit-ve-63-bin-354-yaraliya-yukseldi","status":"publish","type":"post","link":"https:\/\/archive.sana.sy\/tr\/?p=295751","title":{"rendered":"\u0130srail&#8217;in Gazze \u015eeridi&#8217;ne Y\u00f6nelik Devam Eden Sald\u0131rganl\u0131klar\u0131nda Ma\u011fdurlar\u0131n Say\u0131s\u0131 25 Bin 490 \u015fehit Ve 63 Bin 354 Yaral\u0131ya Y\u00fckseldi"},"content":{"rendered":"<p style=\"text-align: justify;\"><strong>\u0130\u015eGAL ED\u0130LEN KUD\u00dcS 23 OCAK (SANA)<\/strong> &#8211; Filistin Sa\u011fl\u0131k Bakanl\u0131\u011f\u0131 bug\u00fcn yapt\u0131\u011f\u0131 a\u00e7\u0131klamada, \u2018\u2019\u0130\u015fgalcilerin Gazze \u015eeridi&#8217;nde son 24 saatte 22 katliam ger\u00e7ekle\u015ftirerek 195 \u015fehit ve 354 yaral\u0131ya ula\u015fmas\u0131yla, 109&#8217;uncu g\u00fcn\u00fcnde de devam eden sald\u0131rganl\u0131klar\u0131nda ma\u011fdurlar\u0131n say\u0131s\u0131 25 bin 490 \u015fehit ve 63 bin 354 yaral\u0131ya ula\u015ft\u0131. Bu arada \u00e7ok say\u0131da ma\u011fdur halen enkaz alt\u0131nda ve yollardayken, ambulans ve sivil savunma ekipleri onlara ula\u015fam\u0131yor\u2019\u2019 dedi.<\/p>\n<p style=\"text-align: justify;\">Bakanl\u0131k, i\u015fgalin Han Yunus&#8217;taki Nas\u0131r T\u0131p Kompleksi ve El Amal Hastanesi \u00e7evresini bombalamaya devam etti\u011fini, binalar\u0131n \u015farapnel par\u00e7alar\u0131na maruz kald\u0131\u011f\u0131n\u0131, hastalar\u0131n, sa\u011fl\u0131k personelinin ve yerinden edilmi\u015f ki\u015filerin hayatlar\u0131n\u0131n tehlikeye girdi\u011fini a\u00e7\u0131klarken, uluslararas\u0131 topluma, onlar\u0131 korumak ve ambulanslar\u0131n onlara gidi\u015f-d\u00f6n\u00fc\u015f hareketini kolayla\u015ft\u0131rmak i\u00e7in acil m\u00fcdahalede bulunma \u00e7a\u011fr\u0131s\u0131nda bulundu.<\/p>\n<p style=\"text-align: justify;\">Filistin K\u0131z\u0131lay\u0131 ayr\u0131ca Han Yunus&#8217;taki merkezinin i\u015fgalci bombard\u0131man\u0131 sonucu yerinden edilenler aras\u0131nda yaraland\u0131\u011f\u0131n\u0131 bildirerek, devam eden bombalamalar ve i\u015fgalcilerin Al-Amal mahallesinin bo\u015falt\u0131lmas\u0131 y\u00f6n\u00fcndeki emirleri sonucunda y\u00fczlerce yerinden edilmi\u015f ki\u015finin merkezden ve El-Amal Hastanesi&#8217;nden ka\u00e7maya \u00e7al\u0131\u015ft\u0131\u011f\u0131na dikkat \u00e7ekti.<\/p>\n<p style=\"text-align: center;\"><strong><a href=\"https:\/\/t.me\/SuriyeArapHaberAjansI\">Telegram Kanal\u0131m\u0131z\u00a0<\/a>||<a href=\"https:\/\/twitter.com\/arap_ajans\">X Platformumuz\u00a0<\/a>||<a href=\"https:\/\/www.facebook.com\/SANAHaberAjansi\/\">Facebook Sayfam\u0131z<\/a><\/strong><\/p>\n","protected":false},"excerpt":{"rendered":"<p>\u0130\u015eGAL ED\u0130LEN KUD\u00dcS 23 OCAK (SANA) &#8211; Filistin Sa\u011fl\u0131k Bakanl\u0131\u011f\u0131 bug\u00fcn yapt\u0131\u011f\u0131 a\u00e7\u0131klamada, \u2018\u2019\u0130\u015fgalcilerin Gazze \u015eeridi&#8217;nde son 24 saatte 22 katliam ger\u00e7ekle\u015ftirerek 195 \u015fehit ve 354 yaral\u0131ya ula\u015fmas\u0131yla, 109&#8217;uncu g\u00fcn\u00fcnde de devam eden sald\u0131rganl\u0131klar\u0131nda ma\u011fdurlar\u0131n say\u0131s\u0131 25 bin 490 \u015fehit ve 63 bin 354 yaral\u0131ya ula\u015ft\u0131. Bu arada \u00e7ok say\u0131da ma\u011fdur halen enkaz alt\u0131nda ve &hellip;<\/p>\n","protected":false},"author":41,"featured_media":295752,"comment_status":"closed","ping_status":"closed","sticky":false,"template":"","format":"standard","meta":{"footnotes":""},"categories":[458,459,17988],"tags":[],"class_list":["post-295751","post","type-post","status-publish","format-standard","has-post-thumbnail","","category-dunya1","category-haberler-arap-uluslararasi-politika","category-son-haberler"],"_links":{"self":[{"href":"https:\/\/archive.sana.sy\/tr\/index.php?rest_route=\/wp\/v2\/posts\/295751","targetHints":{"allow":["GET"]}}],"collection":[{"href":"https:\/\/archive.sana.sy\/tr\/index.php?rest_route=\/wp\/v2\/posts"}],"about":[{"href":"https:\/\/archive.sana.sy\/tr\/index.php?rest_route=\/wp\/v2\/types\/post"}],"author":[{"embeddable":true,"href":"https:\/\/archive.sana.sy\/tr\/index.php?rest_route=\/wp\/v2\/users\/41"}],"replies":[{"embeddable":true,"href":"https:\/\/archive.sana.sy\/tr\/index.php?rest_route=%2Fwp%2Fv2%2Fcomments&post=295751"}],"version-history":[{"count":3,"href":"https:\/\/archive.sana.sy\/tr\/index.php?rest_route=\/wp\/v2\/posts\/295751\/revisions"}],"predecessor-version":[{"id":295755,"href":"https:\/\/archive.sana.sy\/tr\/index.php?rest_route=\/wp\/v2\/posts\/295751\/revisions\/295755"}],"wp:featuredmedia":[{"embeddable":true,"href":"https:\/\/archive.sana.sy\/tr\/index.php?rest_route=\/wp\/v2\/media\/295752"}],"wp:attachment":[{"href":"https:\/\/archive.sana.sy\/tr\/index.php?rest_route=%2Fwp%2Fv2%2Fmedia&parent=295751"}],"wp:term":[{"taxonomy":"category","embeddable":true,"href":"https:\/\/archive.sana.sy\/tr\/index.php?rest_route=%2Fwp%2Fv2%2Fcategories&post=295751"},{"taxonomy":"post_tag","embeddable":true,"href":"https:\/\/archive.sana.sy\/tr\/index.php?rest_route=%2Fwp%2Fv2%2Ftags&post=295751"}],"curies":[{"name":"wp","href":"https:\/\/api.w.org\/{rel}","templated":true}]}}