{"id":295759,"date":"2024-01-23T15:11:30","date_gmt":"2024-01-23T12:11:30","guid":{"rendered":"https:\/\/sana.sy\/tr\/?p=295759"},"modified":"2024-01-23T15:16:11","modified_gmt":"2024-01-23T12:16:11","slug":"disisleri-bakanligi-suriye-urdun-hava-kuvvetlerinin-suriye-topraklarindaki-bircok-koy-ve-bolgeye-yonelik-hava-saldirilarindan-derin-uzuntu-duydugunu-ifade-ediyor","status":"publish","type":"post","link":"https:\/\/archive.sana.sy\/tr\/?p=295759","title":{"rendered":"D\u0131\u015fi\u015fleri Bakanl\u0131\u011f\u0131 : Suriye, \u00dcrd\u00fcn Hava Kuvvetlerinin Suriye topraklar\u0131ndaki bir\u00e7ok k\u00f6y ve b\u00f6lgeye y\u00f6nelik hava sald\u0131r\u0131lar\u0131ndan derin \u00fcz\u00fcnt\u00fc duydu\u011funu ifade ediyor"},"content":{"rendered":"","protected":false},"excerpt":{"rendered":"","protected":false},"author":41,"featured_media":0,"comment_status":"closed","ping_status":"closed","sticky":false,"template":"","format":"standard","meta":{"footnotes":""},"categories":[1],"tags":[],"class_list":["post-295759","post","type-post","status-publish","format-standard","","category-news-not-sorted"],"_links":{"self":[{"href":"https:\/\/archive.sana.sy\/tr\/index.php?rest_route=\/wp\/v2\/posts\/295759","targetHints":{"allow":["GET"]}}],"collection":[{"href":"https:\/\/archive.sana.sy\/tr\/index.php?rest_route=\/wp\/v2\/posts"}],"about":[{"href":"https:\/\/archive.sana.sy\/tr\/index.php?rest_route=\/wp\/v2\/types\/post"}],"author":[{"embeddable":true,"href":"https:\/\/archive.sana.sy\/tr\/index.php?rest_route=\/wp\/v2\/users\/41"}],"replies":[{"embeddable":true,"href":"https:\/\/archive.sana.sy\/tr\/index.php?rest_route=%2Fwp%2Fv2%2Fcomments&post=295759"}],"version-history":[{"count":1,"href":"https:\/\/archive.sana.sy\/tr\/index.php?rest_route=\/wp\/v2\/posts\/295759\/revisions"}],"predecessor-version":[{"id":295760,"href":"https:\/\/archive.sana.sy\/tr\/index.php?rest_route=\/wp\/v2\/posts\/295759\/revisions\/295760"}],"wp:attachment":[{"href":"https:\/\/archive.sana.sy\/tr\/index.php?rest_route=%2Fwp%2Fv2%2Fmedia&parent=295759"}],"wp:term":[{"taxonomy":"category","embeddable":true,"href":"https:\/\/archive.sana.sy\/tr\/index.php?rest_route=%2Fwp%2Fv2%2Fcategories&post=295759"},{"taxonomy":"post_tag","embeddable":true,"href":"https:\/\/archive.sana.sy\/tr\/index.php?rest_route=%2Fwp%2Fv2%2Ftags&post=295759"}],"curies":[{"name":"wp","href":"https:\/\/api.w.org\/{rel}","templated":true}]}}