{"id":295764,"date":"2024-01-23T16:26:26","date_gmt":"2024-01-23T13:26:26","guid":{"rendered":"https:\/\/sana.sy\/tr\/?p=295764"},"modified":"2024-01-24T14:02:52","modified_gmt":"2024-01-24T11:02:52","slug":"disisleri-bakanligi-suriye-urdunun-kendi-topraklarina-duzenledigi-hava-saldirilarindan-uzuntu-duyuyor","status":"publish","type":"post","link":"https:\/\/archive.sana.sy\/tr\/?p=295764","title":{"rendered":"D\u0131\u015fi\u015fleri Bakanl\u0131\u011f\u0131: Suriye, \u00dcrd\u00fcn&#8217;\u00fcn Kendi Topraklar\u0131na D\u00fczenledi\u011fi Hava Sald\u0131r\u0131lar\u0131ndan \u00dcz\u00fcnt\u00fc Duyuyor"},"content":{"rendered":"<p style=\"text-align: justify;\"><strong>\u015eAM 23 OCAK (SANA)<\/strong> &#8211; Suriye, \u00dcrd\u00fcn Hava Kuvvetlerinin kendi topraklar\u0131ndaki bir\u00e7ok k\u00f6y ve b\u00f6lgeye y\u00f6nelik sald\u0131r\u0131lar\u0131ndan derin \u00fcz\u00fcnt\u00fc duydu\u011funu ifade ederek, iki \u00fclke aras\u0131ndaki karde\u015flik ili\u015fkilerinin devam eden restorasyonunu etkilememek i\u00e7in kontrol alt\u0131na almaya \u00e7al\u0131\u015ft\u0131\u011f\u0131m\u0131z bu t\u00fcr askeri operasyonlar\u0131n hi\u00e7bir hakl\u0131 gerek\u00e7esi olmad\u0131\u011f\u0131n\u0131 vurgulad\u0131.<\/p>\n<p style=\"text-align: justify;\">D\u0131\u015fi\u015fleri ve Gurbet\u00e7iler Bakanl\u0131\u011f\u0131&#8217;n\u0131n bug\u00fcn bir n\u00fcshas\u0131 SANA&#8217;ya ula\u015fan a\u00e7\u0131klamas\u0131nda, \u2018\u2019Suriye Arap Cumhuriyeti, \u00dcrd\u00fcn Hava Kuvvetlerinin Suriye topraklar\u0131ndaki bir\u00e7ok k\u00f6y ve b\u00f6lgeye y\u00f6nelik hava sald\u0131r\u0131lar\u0131ndan derin \u00fcz\u00fcnt\u00fc duydu\u011funu ifade etti. Bunlardan en sonuncusu, bu ay\u0131n 18&#8217;inde S\u00fcveyde Valili\u011fi&#8217;nin g\u00fcney k\u0131rsal\u0131ndaki k\u00f6ylerin hedef al\u0131nmas\u0131, aralar\u0131nda \u00e7ocuklar\u0131n ve kad\u0131nlar\u0131n da bulundu\u011fu \u00e7ok say\u0131da sivilin \u00f6ld\u00fcr\u00fclmesi ve \u00e7ok say\u0131da yaralanmayd\u0131. Bu sald\u0131r\u0131lar\u0131n, s\u0131n\u0131rdan \u00dcrd\u00fcn&#8217;e uyu\u015fturucu ka\u00e7ak\u00e7\u0131l\u0131\u011f\u0131 yapan unsurlara y\u00f6nelik oldu\u011fu gerek\u00e7esi g\u00f6sterildi\u2019\u2019 dedi.<\/p>\n<p style=\"text-align: justify;\">Bakanl\u0131k a\u00e7\u0131klamas\u0131nda, \u2018\u2019 Suriye, kendi topraklar\u0131nda bu t\u00fcr askeri operasyonlar\u0131n hi\u00e7bir hakl\u0131 gerek\u00e7esi olmad\u0131\u011f\u0131n\u0131 vurguluyor. Ayn\u0131 zamanda gerilim yaratmamak veya iki \u00fclke aras\u0131ndaki karde\u015flik ili\u015fkilerinin devam eden restorasyonunu etkilememek i\u00e7in bu durumu kontrol alt\u0131na almaya \u00e7al\u0131\u015ft\u0131\u011f\u0131n\u0131 da teyit ediyor. Ancak son birka\u00e7 ayda tan\u0131k oldu\u011fumuz siyasi, medya ve askeri gerginlikler, her iki taraf\u0131n ortak komiteleri aras\u0131nda t\u00fcm ihlallerle m\u00fccadelede samimi i\u015fbirli\u011fi konusunda var\u0131lan mutabakata hi\u00e7 de uygun de\u011fil\u2019\u2019 ifadelerine yer verdi.<\/p>\n<p style=\"text-align: justify;\">D\u0131\u015fi\u015fleri Bakanl\u0131\u011f\u0131 ayr\u0131ca, \u2018\u2019 Bu ba\u011flamda Suriye, D\u0131\u015fi\u015fleri ve Savunma Bakanlar\u0131 ile g\u00fcvenlik te\u015fkilatlar\u0131n\u0131n karde\u015f \u00dcrd\u00fcn Ha\u015fimi Krall\u0131\u011f\u0131&#8217;ndaki mevkida\u015flar\u0131na g\u00f6nderdi\u011fi mesajlar\u0131 kastediyor. S\u0131n\u0131rlar\u0131n kontrol alt\u0131na al\u0131nmas\u0131 i\u00e7in pratik ad\u0131mlar at\u0131lmas\u0131n\u0131 \u00f6nerdiler. Ayr\u0131ca Suriye&#8217;nin \u00dcrd\u00fcn sivil ve g\u00fcvenlik kurumlar\u0131yla i\u015fbirli\u011fi yapmaya haz\u0131r oldu\u011funu da ifade ettiler. Ancak bu mesajlar dikkate al\u0131nmad\u0131 ve ne bize bir yan\u0131t verildi ne de \u00dcrd\u00fcn taraf\u0131ndan herhangi bir yan\u0131t alamad\u0131k\u2019\u2019 ifadelerini kulland\u0131.<\/p>\n<p style=\"text-align: justify;\">Suriye&#8217;nin ter\u00f6rle m\u00fccadelesini s\u00fcrd\u00fcrd\u00fc\u011f\u00fcn\u00fc, ka\u00e7ak\u00e7\u0131l\u0131k ve yasa d\u0131\u015f\u0131 uyu\u015fturucu ka\u00e7ak\u00e7\u0131l\u0131\u011f\u0131na ili\u015fkin her t\u00fcrl\u00fc g\u00f6steri, uygulama ve su\u00e7la y\u00fczle\u015fece\u011fini ve bunlar\u0131n nerede olursa olsun sona erdirilmesi i\u00e7in \u00e7al\u0131\u015faca\u011f\u0131n\u0131 do\u011frulayan Bakanl\u0131k, \u2018\u2019Ancak 2011&#8217;den bu yana on binlerce ter\u00f6ristin ak\u0131n\u0131ndan ve \u00dcrd\u00fcn dahil kom\u015fu \u00fclkelerden b\u00fcy\u00fck miktarda silah transferinden zarar g\u00f6rd\u00fc\u011f\u00fcn\u00fc belirtiyor. Bu binlerce masum insan\u0131n \u00f6l\u00fcm\u00fcne yol a\u00e7an, Suriye halk\u0131na hayat\u0131n \u00e7e\u015fitli alanlar\u0131nda b\u00fcy\u00fck ac\u0131lar ya\u015fatt\u0131, altyap\u0131y\u0131 tahrip etti. Bu, Suriye sava\u015f\u0131na katk\u0131da bulunan, ter\u00f6r gruplar\u0131n\u0131n s\u0131n\u0131r b\u00f6lgelerinde yay\u0131lmas\u0131na, cinayet ve su\u00e7 \u00e7etelerinin faaliyetlerine, ka\u00e7ak\u00e7\u0131l\u0131k ve yasad\u0131\u015f\u0131 ticarete sebep olan taraflar\u0131n sorumlu oldu\u011fu bir konudur. \u00d6zellikle \u00dcrd\u00fcn s\u0131n\u0131r\u0131nda\u2019\u2019 dedi.<\/p>\n<p style=\"text-align: center;\"><strong><a href=\"https:\/\/t.me\/SuriyeArapHaberAjansI\">Telegram Kanal\u0131m\u0131z\u00a0<\/a>||<a href=\"https:\/\/twitter.com\/arap_ajans\">X Platformumuz\u00a0<\/a>||<a href=\"https:\/\/www.facebook.com\/SANAHaberAjansi\/\">Facebook Sayfam\u0131z<\/a><\/strong><\/p>\n","protected":false},"excerpt":{"rendered":"<p>\u015eAM 23 OCAK (SANA) &#8211; Suriye, \u00dcrd\u00fcn Hava Kuvvetlerinin kendi topraklar\u0131ndaki bir\u00e7ok k\u00f6y ve b\u00f6lgeye y\u00f6nelik sald\u0131r\u0131lar\u0131ndan derin \u00fcz\u00fcnt\u00fc duydu\u011funu ifade ederek, iki \u00fclke aras\u0131ndaki karde\u015flik ili\u015fkilerinin devam eden restorasyonunu etkilememek i\u00e7in kontrol alt\u0131na almaya \u00e7al\u0131\u015ft\u0131\u011f\u0131m\u0131z bu t\u00fcr askeri operasyonlar\u0131n hi\u00e7bir hakl\u0131 gerek\u00e7esi olmad\u0131\u011f\u0131n\u0131 vurgulad\u0131. D\u0131\u015fi\u015fleri ve Gurbet\u00e7iler Bakanl\u0131\u011f\u0131&#8217;n\u0131n bug\u00fcn bir n\u00fcshas\u0131 SANA&#8217;ya ula\u015fan a\u00e7\u0131klamas\u0131nda, &hellip;<\/p>\n","protected":false},"author":41,"featured_media":295765,"comment_status":"closed","ping_status":"closed","sticky":false,"template":"","format":"standard","meta":{"footnotes":""},"categories":[458,459,17988],"tags":[40775,40776],"class_list":["post-295764","post","type-post","status-publish","format-standard","has-post-thumbnail","","category-dunya1","category-haberler-arap-uluslararasi-politika","category-son-haberler","tag-disisleri-bakanligi-suriye","tag-urdunun-kendi-topraklarina-duzenledigi-hava-saldirilarindan-uzuntu-duyuyor"],"_links":{"self":[{"href":"https:\/\/archive.sana.sy\/tr\/index.php?rest_route=\/wp\/v2\/posts\/295764","targetHints":{"allow":["GET"]}}],"collection":[{"href":"https:\/\/archive.sana.sy\/tr\/index.php?rest_route=\/wp\/v2\/posts"}],"about":[{"href":"https:\/\/archive.sana.sy\/tr\/index.php?rest_route=\/wp\/v2\/types\/post"}],"author":[{"embeddable":true,"href":"https:\/\/archive.sana.sy\/tr\/index.php?rest_route=\/wp\/v2\/users\/41"}],"replies":[{"embeddable":true,"href":"https:\/\/archive.sana.sy\/tr\/index.php?rest_route=%2Fwp%2Fv2%2Fcomments&post=295764"}],"version-history":[{"count":1,"href":"https:\/\/archive.sana.sy\/tr\/index.php?rest_route=\/wp\/v2\/posts\/295764\/revisions"}],"predecessor-version":[{"id":295766,"href":"https:\/\/archive.sana.sy\/tr\/index.php?rest_route=\/wp\/v2\/posts\/295764\/revisions\/295766"}],"wp:featuredmedia":[{"embeddable":true,"href":"https:\/\/archive.sana.sy\/tr\/index.php?rest_route=\/wp\/v2\/media\/295765"}],"wp:attachment":[{"href":"https:\/\/archive.sana.sy\/tr\/index.php?rest_route=%2Fwp%2Fv2%2Fmedia&parent=295764"}],"wp:term":[{"taxonomy":"category","embeddable":true,"href":"https:\/\/archive.sana.sy\/tr\/index.php?rest_route=%2Fwp%2Fv2%2Fcategories&post=295764"},{"taxonomy":"post_tag","embeddable":true,"href":"https:\/\/archive.sana.sy\/tr\/index.php?rest_route=%2Fwp%2Fv2%2Ftags&post=295764"}],"curies":[{"name":"wp","href":"https:\/\/api.w.org\/{rel}","templated":true}]}}