{"id":295772,"date":"2024-01-23T19:22:48","date_gmt":"2024-01-23T16:22:48","guid":{"rendered":"https:\/\/sana.sy\/tr\/?p=295772"},"modified":"2024-01-25T09:31:25","modified_gmt":"2024-01-25T06:31:25","slug":"milli-kadroyla-tayyas-4-gaz-kuyusu-uretime-alindi","status":"publish","type":"post","link":"https:\/\/archive.sana.sy\/tr\/?p=295772","title":{"rendered":"Milli Kadroyla Tayyas 4 Gaz Kuyusu \u00dcretime Al\u0131nd\u0131"},"content":{"rendered":"<p style=\"text-align: justify;\"><strong>HOMS 23 OCAK (SANA)<\/strong> &#8211; Petrol ve Maden Kaynaklar\u0131 Bakanl\u0131\u011f\u0131, Homs k\u0131rsal\u0131nda Suriye Petrol \u015eirketi&#8217;ne ba\u011fl\u0131 Tayyas 4 gaz kuyusunu bug\u00fcn \u00fcretime ald\u0131.<\/p>\n<p style=\"text-align: justify;\"><img loading=\"lazy\" decoding=\"async\" class=\"size-full wp-image-295774 alignright\" src=\"http:\/\/sana.sy\/tr\/wp-content\/uploads\/2024\/01\/photo_2024-01-23_14-58-39-copy-300x195-1.jpg\" alt=\"\" width=\"300\" height=\"195\" \/>Petrol ve Maden Kaynaklar\u0131 Bakan\u0131 Firas Kaddur, kuyunun \u00fcretimi s\u0131ras\u0131nda t\u00fcm sondaj i\u015flemlerinin ve ilgili i\u015flerin milli kadrolar\u0131m\u0131z taraf\u0131ndan yap\u0131ld\u0131\u011f\u0131n\u0131, tamamlama \u00e7al\u0131\u015fmalar\u0131n\u0131n zorlu\u011funa ra\u011fmen kadrolar\u0131m\u0131z\u0131n kuyuyu \u00fcretime almay\u0131 ba\u015fard\u0131klar\u0131n\u0131 vurgulad\u0131.<\/p>\n<p style=\"text-align: justify;\">Petrol Bakan\u0131, kuyu sondaj\u0131na ge\u00e7ti\u011fimiz haziran ay\u0131nda ba\u015fland\u0131\u011f\u0131n\u0131, bu ay\u0131n 13&#8217;\u00fcnde sondaj \u00e7al\u0131\u015fmalar\u0131n\u0131n tamamland\u0131\u011f\u0131n\u0131, tamamlama \u00e7al\u0131\u015fmalar\u0131n\u0131n bug\u00fcne kadar devam etti\u011fini, kuyunun de\u011ferlendirilerek gaz \u015febekesine ba\u011flanmas\u0131 i\u00e7in gerekli ba\u011flant\u0131lar\u0131n yap\u0131lmas\u0131na y\u00f6nelik \u00e7al\u0131\u015fmalar\u0131n devam etti\u011fini a\u00e7\u0131klad\u0131.<\/p>\n<p style=\"text-align: justify;\">\u2018\u2019Kuyunun bulundu\u011fu sahay\u0131 3 boyutlu et\u00fctle geli\u015ftirip geli\u015ftirme plan\u0131m\u0131z var, sonu\u00e7lar\u0131n umut verici olaca\u011f\u0131n\u0131 umuyoruz\u2019\u2019 diyen Bakan, Suriye&#8217;de petrol ve gaz sekt\u00f6r\u00fcn\u00fcn iyile\u015ftirilmesi ve geli\u015ftirilmesine y\u00f6nelik s\u00fcrd\u00fcr\u00fclen \u00e7abalar kapsam\u0131nda yeni kuyunun, enerji ihtiyac\u0131n\u0131n kar\u015f\u0131lanmas\u0131na katk\u0131 sa\u011flayan gaz \u015febekesini besledi\u011fini belirtti.<\/p>\n<p style=\"text-align: justify;\">Kaddur, \u015fantiye \u00e7al\u0131\u015fanlar\u0131 ve sondaj ekipleriyle g\u00f6r\u00fc\u015f\u00fcrken, zor \u015fartlara ra\u011fmen i\u015fi tamamlamak i\u00e7in g\u00f6sterdikleri b\u00fcy\u00fck ve verimli \u00e7abalara dikkat \u00e7ekti ve \u00fcretimin desteklenmesi, kay\u0131plar\u0131n telafi edilmesi ve \u00fclke ekonomisinin desteklenmesine katk\u0131 sa\u011flanmas\u0131nda oynad\u0131klar\u0131 milli rol\u00fcn \u00f6neminden dolay\u0131 Bakanl\u0131\u011f\u0131n t\u00fcm kadrolar\u0131yla gurur duydu\u011funu ifade etti.<\/p>\n<p style=\"text-align: center;\"><strong><a href=\"https:\/\/t.me\/SuriyeArapHaberAjansI\">Telegram Kanal\u0131m\u0131z\u00a0<\/a>||<a href=\"https:\/\/twitter.com\/arap_ajans\">X Platformumuz\u00a0<\/a>||<a href=\"https:\/\/www.facebook.com\/SANAHaberAjansi\/\">Facebook Sayfam\u0131z<\/a><\/strong><\/p>\n","protected":false},"excerpt":{"rendered":"<p>HOMS 23 OCAK (SANA) &#8211; Petrol ve Maden Kaynaklar\u0131 Bakanl\u0131\u011f\u0131, Homs k\u0131rsal\u0131nda Suriye Petrol \u015eirketi&#8217;ne ba\u011fl\u0131 Tayyas 4 gaz kuyusunu bug\u00fcn \u00fcretime ald\u0131. Petrol ve Maden Kaynaklar\u0131 Bakan\u0131 Firas Kaddur, kuyunun \u00fcretimi s\u0131ras\u0131nda t\u00fcm sondaj i\u015flemlerinin ve ilgili i\u015flerin milli kadrolar\u0131m\u0131z taraf\u0131ndan yap\u0131ld\u0131\u011f\u0131n\u0131, tamamlama \u00e7al\u0131\u015fmalar\u0131n\u0131n zorlu\u011funa ra\u011fmen kadrolar\u0131m\u0131z\u0131n kuyuyu \u00fcretime almay\u0131 ba\u015fard\u0131klar\u0131n\u0131 vurgulad\u0131. Petrol Bakan\u0131, &hellip;<\/p>\n","protected":false},"author":41,"featured_media":295773,"comment_status":"closed","ping_status":"closed","sticky":false,"template":"","format":"standard","meta":{"footnotes":""},"categories":[485,486,479,17988,478],"tags":[40777,40779,40778],"class_list":["post-295772","post","type-post","status-publish","format-standard","has-post-thumbnail","","category-is-ve-sermaye","category-haberler-is-ve-sermaye","category-haberler-yerel","category-son-haberler","category-yerel","tag-milli-kadroyla-tayyas-4-gaz-kuyusu-uretime-acildi","tag-suriyedeki-petrol","tag-suriyedeki-yakit"],"_links":{"self":[{"href":"https:\/\/archive.sana.sy\/tr\/index.php?rest_route=\/wp\/v2\/posts\/295772","targetHints":{"allow":["GET"]}}],"collection":[{"href":"https:\/\/archive.sana.sy\/tr\/index.php?rest_route=\/wp\/v2\/posts"}],"about":[{"href":"https:\/\/archive.sana.sy\/tr\/index.php?rest_route=\/wp\/v2\/types\/post"}],"author":[{"embeddable":true,"href":"https:\/\/archive.sana.sy\/tr\/index.php?rest_route=\/wp\/v2\/users\/41"}],"replies":[{"embeddable":true,"href":"https:\/\/archive.sana.sy\/tr\/index.php?rest_route=%2Fwp%2Fv2%2Fcomments&post=295772"}],"version-history":[{"count":1,"href":"https:\/\/archive.sana.sy\/tr\/index.php?rest_route=\/wp\/v2\/posts\/295772\/revisions"}],"predecessor-version":[{"id":295775,"href":"https:\/\/archive.sana.sy\/tr\/index.php?rest_route=\/wp\/v2\/posts\/295772\/revisions\/295775"}],"wp:featuredmedia":[{"embeddable":true,"href":"https:\/\/archive.sana.sy\/tr\/index.php?rest_route=\/wp\/v2\/media\/295773"}],"wp:attachment":[{"href":"https:\/\/archive.sana.sy\/tr\/index.php?rest_route=%2Fwp%2Fv2%2Fmedia&parent=295772"}],"wp:term":[{"taxonomy":"category","embeddable":true,"href":"https:\/\/archive.sana.sy\/tr\/index.php?rest_route=%2Fwp%2Fv2%2Fcategories&post=295772"},{"taxonomy":"post_tag","embeddable":true,"href":"https:\/\/archive.sana.sy\/tr\/index.php?rest_route=%2Fwp%2Fv2%2Ftags&post=295772"}],"curies":[{"name":"wp","href":"https:\/\/api.w.org\/{rel}","templated":true}]}}