{"id":295776,"date":"2024-01-24T08:37:24","date_gmt":"2024-01-24T05:37:24","guid":{"rendered":"https:\/\/sana.sy\/tr\/?p=295776"},"modified":"2024-01-25T09:32:58","modified_gmt":"2024-01-25T06:32:58","slug":"astana-formulu-cercevesinde-21-uluslararasi-suriye-konulu-toplanti-basladi","status":"publish","type":"post","link":"https:\/\/archive.sana.sy\/tr\/?p=295776","title":{"rendered":"Astana Form\u00fcl\u00fc \u00c7er\u00e7evesinde 21. Uluslararas\u0131 Suriye Konulu Toplant\u0131 Ba\u015flad\u0131"},"content":{"rendered":"<p style=\"text-align: justify;\"><strong>ASTANA 24 OCAK 2024 (SANA) \u2013 <\/strong>Suriye ile ilgili 21&#8217;inci uluslararas\u0131 toplant\u0131n\u0131n \u00e7al\u0131\u015fmalar\u0131 bu sabah Astana form\u00fcl\u00fc kapsam\u0131nda Kazakistan&#8217;\u0131n ba\u015fkentinde ba\u015flad\u0131.<\/p>\n<p style=\"text-align: justify;\">Toplant\u0131ya, D\u0131\u015fi\u015fleri ve Gurbet\u00e7iler Bakan Yard\u0131mc\u0131s\u0131 Bessam Sabba\u011f ba\u015fkanl\u0131\u011f\u0131ndaki Suriye Arap Cumhuriyeti heyeti ile Astana S\u00fcrecini garant\u00f6r olan \u00fclkelerin (Rusya, \u0130ran ve T\u00fcrkiye) heyetleri kat\u0131l\u0131yor.<\/p>\n<p style=\"text-align: justify;\">Rusya heyetine Ba\u015fkan Putin&#8217;in Suriye \u00d6zel Temsilcisi Alexander Lavrentiev ba\u015fkanl\u0131k ederken, \u0130ran heyetine D\u0131\u015fi\u015fleri Bakan\u0131&#8217;n\u0131n \u00d6zel Siyasi \u0130\u015flerden Sorumlu K\u0131demli Yard\u0131mc\u0131s\u0131 Ali As\u011far Haji&#8217;nin yan\u0131 s\u0131ra Genel Sekreter&#8217;in Suriye \u00d6zel Temsilci Yard\u0131mc\u0131s\u0131 Nacat Ru\u015fdi ba\u015fkanl\u0131\u011f\u0131ndaki Birle\u015fmi\u015f Milletler heyeti ba\u015fkanl\u0131k ediyor.<\/p>\n<p style=\"text-align: justify;\">\u0130ki g\u00fcn s\u00fcrecek toplant\u0131ya garant\u00f6r \u00fclkelerin heyetlerinin yan\u0131 s\u0131ra kom\u015fu \u00fclkeler L\u00fcbnan, Irak ve \u00dcrd\u00fcn&#8217;\u00fcn temsilcileri ile Birle\u015fmi\u015f Milletler, M\u00fclteciler Y\u00fcksek Komiserli\u011fi ve Uluslararas\u0131 K\u0131z\u0131lha\u00e7 Komitesi&#8217;nden temsilcileri de g\u00f6zlemci olarak kat\u0131lacak.<\/p>\n<p style=\"text-align: justify;\">Kazakistan D\u0131\u015fi\u015fleri Bakanl\u0131\u011f\u0131 daha \u00f6nce yapt\u0131\u011f\u0131 a\u00e7\u0131klamada, toplant\u0131n\u0131n g\u00fcndeminde Suriye&#8217;yi \u00e7evreleyen b\u00f6lgesel durumun geli\u015fimi, krizin \u00e7\u00f6z\u00fcmlenmesine y\u00f6nelik \u00e7abalar, \u00fclkedeki insani durum ve uluslararas\u0131 toplumun yeniden yap\u0131lanmaya katk\u0131da bulunmak i\u00e7in \u00e7abalar\u0131n\u0131n harekete ge\u00e7irilmesiyle ilgili konular\u0131n ele al\u0131naca\u011f\u0131n\u0131 belirtti.<\/p>\n<p style=\"text-align: justify;\">Uluslararas\u0131 toplant\u0131n\u0131n ilk g\u00fcn\u00fc, kat\u0131l\u0131mc\u0131 heyetler aras\u0131nda ikili ve \u00fc\u00e7l\u00fc g\u00f6r\u00fc\u015fmelere sahne oluyor.<\/p>\n<p style=\"text-align: justify;\">\u0130kinci g\u00fcn ise toplant\u0131n\u0131n sonu\u00e7 bildirisinin okundu\u011fu genel oturum yap\u0131l\u0131yor ve baz\u0131 kat\u0131l\u0131mc\u0131 delegasyonlar\u0131n ba\u015fkanlar\u0131na y\u00f6nelik bas\u0131n toplant\u0131lar\u0131 ger\u00e7ekle\u015ftiriyor.<\/p>\n<p style=\"text-align: center;\"><strong><a href=\"https:\/\/t.me\/SuriyeArapHaberAjansI\">Telegram Kanal\u0131m\u0131z\u00a0<\/a>||<a href=\"https:\/\/twitter.com\/arap_ajans\">X Platformumuz\u00a0<\/a>||<a href=\"https:\/\/www.facebook.com\/SANAHaberAjansi\/\">Facebook Sayfam\u0131z<\/a><\/strong><\/p>\n","protected":false},"excerpt":{"rendered":"<p>ASTANA 24 OCAK 2024 (SANA) \u2013 Suriye ile ilgili 21&#8217;inci uluslararas\u0131 toplant\u0131n\u0131n \u00e7al\u0131\u015fmalar\u0131 bu sabah Astana form\u00fcl\u00fc kapsam\u0131nda Kazakistan&#8217;\u0131n ba\u015fkentinde ba\u015flad\u0131. Toplant\u0131ya, D\u0131\u015fi\u015fleri ve Gurbet\u00e7iler Bakan Yard\u0131mc\u0131s\u0131 Bessam Sabba\u011f ba\u015fkanl\u0131\u011f\u0131ndaki Suriye Arap Cumhuriyeti heyeti ile Astana S\u00fcrecini garant\u00f6r olan \u00fclkelerin (Rusya, \u0130ran ve T\u00fcrkiye) heyetleri kat\u0131l\u0131yor. Rusya heyetine Ba\u015fkan Putin&#8217;in Suriye \u00d6zel Temsilcisi Alexander Lavrentiev &hellip;<\/p>\n","protected":false},"author":36,"featured_media":295777,"comment_status":"closed","ping_status":"closed","sticky":false,"template":"","format":"standard","meta":{"footnotes":""},"categories":[458,459,17988],"tags":[],"class_list":["post-295776","post","type-post","status-publish","format-standard","has-post-thumbnail","","category-dunya1","category-haberler-arap-uluslararasi-politika","category-son-haberler"],"_links":{"self":[{"href":"https:\/\/archive.sana.sy\/tr\/index.php?rest_route=\/wp\/v2\/posts\/295776","targetHints":{"allow":["GET"]}}],"collection":[{"href":"https:\/\/archive.sana.sy\/tr\/index.php?rest_route=\/wp\/v2\/posts"}],"about":[{"href":"https:\/\/archive.sana.sy\/tr\/index.php?rest_route=\/wp\/v2\/types\/post"}],"author":[{"embeddable":true,"href":"https:\/\/archive.sana.sy\/tr\/index.php?rest_route=\/wp\/v2\/users\/36"}],"replies":[{"embeddable":true,"href":"https:\/\/archive.sana.sy\/tr\/index.php?rest_route=%2Fwp%2Fv2%2Fcomments&post=295776"}],"version-history":[{"count":3,"href":"https:\/\/archive.sana.sy\/tr\/index.php?rest_route=\/wp\/v2\/posts\/295776\/revisions"}],"predecessor-version":[{"id":295817,"href":"https:\/\/archive.sana.sy\/tr\/index.php?rest_route=\/wp\/v2\/posts\/295776\/revisions\/295817"}],"wp:featuredmedia":[{"embeddable":true,"href":"https:\/\/archive.sana.sy\/tr\/index.php?rest_route=\/wp\/v2\/media\/295777"}],"wp:attachment":[{"href":"https:\/\/archive.sana.sy\/tr\/index.php?rest_route=%2Fwp%2Fv2%2Fmedia&parent=295776"}],"wp:term":[{"taxonomy":"category","embeddable":true,"href":"https:\/\/archive.sana.sy\/tr\/index.php?rest_route=%2Fwp%2Fv2%2Fcategories&post=295776"},{"taxonomy":"post_tag","embeddable":true,"href":"https:\/\/archive.sana.sy\/tr\/index.php?rest_route=%2Fwp%2Fv2%2Ftags&post=295776"}],"curies":[{"name":"wp","href":"https:\/\/api.w.org\/{rel}","templated":true}]}}