{"id":295932,"date":"2024-01-27T08:15:59","date_gmt":"2024-01-27T05:15:59","guid":{"rendered":"https:\/\/sana.sy\/tr\/?p=295932"},"modified":"2024-01-28T08:14:18","modified_gmt":"2024-01-28T05:14:18","slug":"295932","status":"publish","type":"post","link":"https:\/\/archive.sana.sy\/tr\/?p=295932","title":{"rendered":"ABD Ve \u0130ngiltere Yemen&#8217;in Hudeyde Eyaletine Yeni Bir Sald\u0131rganl\u0131kta Bulundu"},"content":{"rendered":"<p style=\"text-align: justify;\"><strong>SANA 27 OCAK 2024 (SANA) \u2013<\/strong> Yemen&#8217;in Hudeyde vilayeti bug\u00fcn Amerikan-\u0130ngiliz hava sald\u0131rganl\u0131\u011fa maruz kald\u0131.<\/p>\n<p style=\"text-align: justify;\">Yemen medyas\u0131, Amerikan ve \u0130ngiliz g\u00fc\u00e7lerinin Yemen Hudeyde Valili\u011fi&#8217;ndeki Ras \u0130sa b\u00f6lgesine iki bask\u0131nla sald\u0131rd\u0131\u011f\u0131n\u0131 belirtti.<\/p>\n<p style=\"text-align: center;\"><strong><a href=\"https:\/\/t.me\/SuriyeArapHaberAjansI\">Telegram Kanal\u0131m\u0131z\u00a0<\/a>||<a href=\"https:\/\/twitter.com\/arap_ajans\">X Platformumuz\u00a0<\/a>||<a href=\"https:\/\/www.facebook.com\/SANAHaberAjansi\/\">Facebook Sayfam\u0131z<\/a><\/strong><\/p>\n","protected":false},"excerpt":{"rendered":"<p>SANA 27 OCAK 2024 (SANA) \u2013 Yemen&#8217;in Hudeyde vilayeti bug\u00fcn Amerikan-\u0130ngiliz hava sald\u0131rganl\u0131\u011fa maruz kald\u0131. Yemen medyas\u0131, Amerikan ve \u0130ngiliz g\u00fc\u00e7lerinin Yemen Hudeyde Valili\u011fi&#8217;ndeki Ras \u0130sa b\u00f6lgesine iki bask\u0131nla sald\u0131rd\u0131\u011f\u0131n\u0131 belirtti. Telegram Kanal\u0131m\u0131z\u00a0||X Platformumuz\u00a0||Facebook Sayfam\u0131z<\/p>\n","protected":false},"author":36,"featured_media":295933,"comment_status":"closed","ping_status":"closed","sticky":false,"template":"","format":"standard","meta":{"footnotes":""},"categories":[458,459,17988],"tags":[],"class_list":["post-295932","post","type-post","status-publish","format-standard","has-post-thumbnail","","category-dunya1","category-haberler-arap-uluslararasi-politika","category-son-haberler"],"_links":{"self":[{"href":"https:\/\/archive.sana.sy\/tr\/index.php?rest_route=\/wp\/v2\/posts\/295932","targetHints":{"allow":["GET"]}}],"collection":[{"href":"https:\/\/archive.sana.sy\/tr\/index.php?rest_route=\/wp\/v2\/posts"}],"about":[{"href":"https:\/\/archive.sana.sy\/tr\/index.php?rest_route=\/wp\/v2\/types\/post"}],"author":[{"embeddable":true,"href":"https:\/\/archive.sana.sy\/tr\/index.php?rest_route=\/wp\/v2\/users\/36"}],"replies":[{"embeddable":true,"href":"https:\/\/archive.sana.sy\/tr\/index.php?rest_route=%2Fwp%2Fv2%2Fcomments&post=295932"}],"version-history":[{"count":5,"href":"https:\/\/archive.sana.sy\/tr\/index.php?rest_route=\/wp\/v2\/posts\/295932\/revisions"}],"predecessor-version":[{"id":295943,"href":"https:\/\/archive.sana.sy\/tr\/index.php?rest_route=\/wp\/v2\/posts\/295932\/revisions\/295943"}],"wp:featuredmedia":[{"embeddable":true,"href":"https:\/\/archive.sana.sy\/tr\/index.php?rest_route=\/wp\/v2\/media\/295933"}],"wp:attachment":[{"href":"https:\/\/archive.sana.sy\/tr\/index.php?rest_route=%2Fwp%2Fv2%2Fmedia&parent=295932"}],"wp:term":[{"taxonomy":"category","embeddable":true,"href":"https:\/\/archive.sana.sy\/tr\/index.php?rest_route=%2Fwp%2Fv2%2Fcategories&post=295932"},{"taxonomy":"post_tag","embeddable":true,"href":"https:\/\/archive.sana.sy\/tr\/index.php?rest_route=%2Fwp%2Fv2%2Ftags&post=295932"}],"curies":[{"name":"wp","href":"https:\/\/api.w.org\/{rel}","templated":true}]}}