{"id":295954,"date":"2024-01-27T08:00:27","date_gmt":"2024-01-27T05:00:27","guid":{"rendered":"https:\/\/sana.sy\/tr\/?p=295954"},"modified":"2024-01-28T08:14:16","modified_gmt":"2024-01-28T05:14:16","slug":"guterres-adnin-karari-baglayicidir-ve-israil-soykirim-sozlesmesini-ihlal-eden-eylemleri-durdurmali","status":"publish","type":"post","link":"https:\/\/archive.sana.sy\/tr\/?p=295954","title":{"rendered":"Guterres: AD&#8217;n\u0131n Karar\u0131 Ba\u011flay\u0131c\u0131d\u0131r Ve \u0130srail, Soyk\u0131r\u0131m S\u00f6zle\u015fmesi&#8217;ni \u0130hlal Eden Eylemleri Durdurmal\u0131"},"content":{"rendered":"<p style=\"text-align: justify;\"><strong>NEW YORK 27 OCAK (SANA)<\/strong> &#8211; Birle\u015fmi\u015f Milletler Genel Sekreteri Ant\u00f3nio Guterres, G\u00fcney Afrika&#8217;n\u0131n &#8220;\u0130srail&#8221;e kar\u015f\u0131 a\u00e7t\u0131\u011f\u0131 soyk\u0131r\u0131m davas\u0131nda Uluslararas\u0131 Adalet Divan\u0131&#8217;n\u0131n verdi\u011fi karar\u0131n t\u00fcm taraflar i\u00e7in ba\u011flay\u0131c\u0131 oldu\u011funu vurgulad\u0131.<\/p>\n<p style=\"text-align: justify;\">Guterres, Birle\u015fmi\u015f Milletler Enformasyon B\u00fcrosu&#8217;ndan yap\u0131lan a\u00e7\u0131klamaya g\u00f6re, \u201c\u201cMahkeme karar\u0131, \u0130srail&#8217;in Gazze&#8217;deki Filistinlilerle ilgili her t\u00fcrl\u00fc tedbiri almas\u0131n\u0131 talep ediyordu. Bunun amac\u0131, \u00f6ld\u00fcrmek, ciddi fiziksel veya zihinsel zarara neden olmak ve grubu yok etmeye y\u00f6nelik ya\u015fam ko\u015fullar\u0131n\u0131 kasten dayatmak da dahil, Soyk\u0131r\u0131m S\u00f6zle\u015fmesinin II. Maddesi kapsam\u0131na giren eylemlerin i\u015flenmesini \u00f6nlemektir\u2019\u2019dedi.<\/p>\n<p style=\"text-align: justify;\">Guterres ayr\u0131ca, mahkemenin kararlar\u0131n\u0131n &#8220;\u0130srail&#8221;i derhal &#8220;kendi g\u00fc\u00e7lerinin bu eylemlerin hi\u00e7birini ger\u00e7ekle\u015ftirmemesini&#8221; sa\u011flamakla y\u00fck\u00fcml\u00fc k\u0131ld\u0131\u011f\u0131n\u0131 vurgulayarak, mahkemenin &#8220;Gazze \u015eeridi&#8217;ndeki t\u00fcm taraflar uluslararas\u0131 insanc\u0131l hukuka tabidir&#8221; \u015feklindeki iddias\u0131na de\u011findi.<\/p>\n<p style=\"text-align: justify;\">A\u00e7\u0131klamaya g\u00f6re Guterres, Mahkeme t\u00fcz\u00fc\u011f\u00fcne dayanarak Uluslararas\u0131 Adalet Divan\u0131&#8217;n\u0131n &#8220;\u0130srail&#8221;e ili\u015fkin verdi\u011fi ge\u00e7ici tedbir karar\u0131n\u0131 G\u00fcvenlik Konseyi&#8217;ne havale edecek.<\/p>\n<p style=\"text-align: center;\"><strong><a href=\"https:\/\/t.me\/SuriyeArapHaberAjansI\">Telegram Kanal\u0131m\u0131z\u00a0<\/a>||<a href=\"https:\/\/twitter.com\/arap_ajans\">X Platformumuz\u00a0<\/a>||<a href=\"https:\/\/www.facebook.com\/SANAHaberAjansi\/\">Facebook Sayfam\u0131z<\/a><\/strong><\/p>\n","protected":false},"excerpt":{"rendered":"<p>NEW YORK 27 OCAK (SANA) &#8211; Birle\u015fmi\u015f Milletler Genel Sekreteri Ant\u00f3nio Guterres, G\u00fcney Afrika&#8217;n\u0131n &#8220;\u0130srail&#8221;e kar\u015f\u0131 a\u00e7t\u0131\u011f\u0131 soyk\u0131r\u0131m davas\u0131nda Uluslararas\u0131 Adalet Divan\u0131&#8217;n\u0131n verdi\u011fi karar\u0131n t\u00fcm taraflar i\u00e7in ba\u011flay\u0131c\u0131 oldu\u011funu vurgulad\u0131. Guterres, Birle\u015fmi\u015f Milletler Enformasyon B\u00fcrosu&#8217;ndan yap\u0131lan a\u00e7\u0131klamaya g\u00f6re, \u201c\u201cMahkeme karar\u0131, \u0130srail&#8217;in Gazze&#8217;deki Filistinlilerle ilgili her t\u00fcrl\u00fc tedbiri almas\u0131n\u0131 talep ediyordu. Bunun amac\u0131, \u00f6ld\u00fcrmek, ciddi fiziksel &hellip;<\/p>\n","protected":false},"author":41,"featured_media":295955,"comment_status":"closed","ping_status":"closed","sticky":false,"template":"","format":"standard","meta":{"footnotes":""},"categories":[458,459,17988],"tags":[40789,40790],"class_list":["post-295954","post","type-post","status-publish","format-standard","has-post-thumbnail","","category-dunya1","category-haberler-arap-uluslararasi-politika","category-son-haberler","tag-guterres-adnin-karari-baglayicidir-ve-israil","tag-soykirim-sozlesmesini-ihlal-eden-eylemleri-durdurmali"],"_links":{"self":[{"href":"https:\/\/archive.sana.sy\/tr\/index.php?rest_route=\/wp\/v2\/posts\/295954","targetHints":{"allow":["GET"]}}],"collection":[{"href":"https:\/\/archive.sana.sy\/tr\/index.php?rest_route=\/wp\/v2\/posts"}],"about":[{"href":"https:\/\/archive.sana.sy\/tr\/index.php?rest_route=\/wp\/v2\/types\/post"}],"author":[{"embeddable":true,"href":"https:\/\/archive.sana.sy\/tr\/index.php?rest_route=\/wp\/v2\/users\/41"}],"replies":[{"embeddable":true,"href":"https:\/\/archive.sana.sy\/tr\/index.php?rest_route=%2Fwp%2Fv2%2Fcomments&post=295954"}],"version-history":[{"count":1,"href":"https:\/\/archive.sana.sy\/tr\/index.php?rest_route=\/wp\/v2\/posts\/295954\/revisions"}],"predecessor-version":[{"id":295956,"href":"https:\/\/archive.sana.sy\/tr\/index.php?rest_route=\/wp\/v2\/posts\/295954\/revisions\/295956"}],"wp:featuredmedia":[{"embeddable":true,"href":"https:\/\/archive.sana.sy\/tr\/index.php?rest_route=\/wp\/v2\/media\/295955"}],"wp:attachment":[{"href":"https:\/\/archive.sana.sy\/tr\/index.php?rest_route=%2Fwp%2Fv2%2Fmedia&parent=295954"}],"wp:term":[{"taxonomy":"category","embeddable":true,"href":"https:\/\/archive.sana.sy\/tr\/index.php?rest_route=%2Fwp%2Fv2%2Fcategories&post=295954"},{"taxonomy":"post_tag","embeddable":true,"href":"https:\/\/archive.sana.sy\/tr\/index.php?rest_route=%2Fwp%2Fv2%2Ftags&post=295954"}],"curies":[{"name":"wp","href":"https:\/\/api.w.org\/{rel}","templated":true}]}}