{"id":296226,"date":"2024-02-01T09:39:24","date_gmt":"2024-02-01T06:39:24","guid":{"rendered":"https:\/\/sana.sy\/tr\/?p=296226"},"modified":"2024-02-02T08:44:09","modified_gmt":"2024-02-02T05:44:09","slug":"irak-direnisi-hayfadaki-israil-dusman-kuvvetlerini-hedef-aldi","status":"publish","type":"post","link":"https:\/\/archive.sana.sy\/tr\/?p=296226","title":{"rendered":"Irak Direni\u015fi Hayfa&#8217;daki \u0130srail D\u00fc\u015fman Kuvvetlerini Hedef Ald\u0131"},"content":{"rendered":"<p style=\"text-align: justify;\"><strong>BA\u011eDAT 01 \u015eUBAT (SANA)<\/strong> &#8211; Bug\u00fcn Irak direni\u015fi, i\u015fgal alt\u0131ndaki Filistin topraklar\u0131ndaki Hayfa kentinde Siyonist d\u00fc\u015fman\u0131n hayati bir hedefini insans\u0131z hava ara\u00e7lar\u0131yla hedef ald\u0131.<\/p>\n<p style=\"text-align: justify;\">Direni\u015f yapt\u0131\u011f\u0131 a\u00e7\u0131klamada, Gazze&#8217;deki halk\u0131m\u0131z\u0131n yan\u0131nda, i\u015fgale kar\u015f\u0131 direni\u015f yakla\u015f\u0131m\u0131m\u0131z\u0131n devam\u0131 olarak ve gasp\u00e7\u0131 yap\u0131n\u0131n \u00e7ocuklar, kad\u0131nlar, ya\u015fl\u0131lar da dahil olmak \u00fczere Filistinli sivillere kar\u015f\u0131 ger\u00e7ekle\u015ftirdi\u011fi katliamlara yan\u0131t olarak, Bug\u00fcn sava\u015f\u00e7\u0131lar\u0131m\u0131z Filistin&#8217;de i\u015fgal alt\u0131ndaki topraklar\u0131m\u0131z\u0131n Hayfa liman\u0131na insans\u0131z hava ara\u00e7lar\u0131yla sald\u0131rd\u0131&#8221; dedi.<\/p>\n<p style=\"text-align: justify;\">Irak direni\u015fi yapt\u0131\u011f\u0131 a\u00e7\u0131klamada ayr\u0131ca, d\u00fc\u015fman kalelerini yok etmeye devam etti\u011fini vurgulad\u0131.<\/p>\n<p style=\"text-align: justify;\">D\u00fcn Irak direni\u015fi, i\u015fgal alt\u0131ndaki Filistin topraklar\u0131nda \u0130srail d\u00fc\u015fman\u0131na ait askeri bir hedefi insans\u0131z hava ara\u00e7lar\u0131yla bombalad\u0131\u011f\u0131n\u0131 duyurmu\u015ftu.<\/p>\n<p style=\"text-align: center;\"><strong><a href=\"https:\/\/t.me\/SuriyeArapHaberAjansI\">Telegram Kanal\u0131m\u0131z\u00a0<\/a>||<a href=\"https:\/\/twitter.com\/arap_ajans\">X Platformumuz\u00a0<\/a>||<a href=\"https:\/\/www.facebook.com\/SANAHaberAjansi\/\">Facebook Sayfam\u0131z<\/a><\/strong><\/p>\n","protected":false},"excerpt":{"rendered":"<p>BA\u011eDAT 01 \u015eUBAT (SANA) &#8211; Bug\u00fcn Irak direni\u015fi, i\u015fgal alt\u0131ndaki Filistin topraklar\u0131ndaki Hayfa kentinde Siyonist d\u00fc\u015fman\u0131n hayati bir hedefini insans\u0131z hava ara\u00e7lar\u0131yla hedef ald\u0131. Direni\u015f yapt\u0131\u011f\u0131 a\u00e7\u0131klamada, Gazze&#8217;deki halk\u0131m\u0131z\u0131n yan\u0131nda, i\u015fgale kar\u015f\u0131 direni\u015f yakla\u015f\u0131m\u0131m\u0131z\u0131n devam\u0131 olarak ve gasp\u00e7\u0131 yap\u0131n\u0131n \u00e7ocuklar, kad\u0131nlar, ya\u015fl\u0131lar da dahil olmak \u00fczere Filistinli sivillere kar\u015f\u0131 ger\u00e7ekle\u015ftirdi\u011fi katliamlara yan\u0131t olarak, Bug\u00fcn sava\u015f\u00e7\u0131lar\u0131m\u0131z &hellip;<\/p>\n","protected":false},"author":41,"featured_media":296227,"comment_status":"closed","ping_status":"closed","sticky":false,"template":"","format":"standard","meta":{"footnotes":""},"categories":[458,459,17988],"tags":[40828],"class_list":["post-296226","post","type-post","status-publish","format-standard","has-post-thumbnail","","category-dunya1","category-haberler-arap-uluslararasi-politika","category-son-haberler","tag-irak-direnisi-hayfadaki-israil-dusman-kuvvetlerini-hedef-aldi"],"_links":{"self":[{"href":"https:\/\/archive.sana.sy\/tr\/index.php?rest_route=\/wp\/v2\/posts\/296226","targetHints":{"allow":["GET"]}}],"collection":[{"href":"https:\/\/archive.sana.sy\/tr\/index.php?rest_route=\/wp\/v2\/posts"}],"about":[{"href":"https:\/\/archive.sana.sy\/tr\/index.php?rest_route=\/wp\/v2\/types\/post"}],"author":[{"embeddable":true,"href":"https:\/\/archive.sana.sy\/tr\/index.php?rest_route=\/wp\/v2\/users\/41"}],"replies":[{"embeddable":true,"href":"https:\/\/archive.sana.sy\/tr\/index.php?rest_route=%2Fwp%2Fv2%2Fcomments&post=296226"}],"version-history":[{"count":1,"href":"https:\/\/archive.sana.sy\/tr\/index.php?rest_route=\/wp\/v2\/posts\/296226\/revisions"}],"predecessor-version":[{"id":296228,"href":"https:\/\/archive.sana.sy\/tr\/index.php?rest_route=\/wp\/v2\/posts\/296226\/revisions\/296228"}],"wp:featuredmedia":[{"embeddable":true,"href":"https:\/\/archive.sana.sy\/tr\/index.php?rest_route=\/wp\/v2\/media\/296227"}],"wp:attachment":[{"href":"https:\/\/archive.sana.sy\/tr\/index.php?rest_route=%2Fwp%2Fv2%2Fmedia&parent=296226"}],"wp:term":[{"taxonomy":"category","embeddable":true,"href":"https:\/\/archive.sana.sy\/tr\/index.php?rest_route=%2Fwp%2Fv2%2Fcategories&post=296226"},{"taxonomy":"post_tag","embeddable":true,"href":"https:\/\/archive.sana.sy\/tr\/index.php?rest_route=%2Fwp%2Fv2%2Ftags&post=296226"}],"curies":[{"name":"wp","href":"https:\/\/api.w.org\/{rel}","templated":true}]}}