{"id":296229,"date":"2024-02-01T08:41:05","date_gmt":"2024-02-01T05:41:05","guid":{"rendered":"https:\/\/sana.sy\/tr\/?p=296229"},"modified":"2024-02-02T08:44:04","modified_gmt":"2024-02-02T05:44:04","slug":"isgal-bati-seriada-41-filistinliyi-tutukladi","status":"publish","type":"post","link":"https:\/\/archive.sana.sy\/tr\/?p=296229","title":{"rendered":"\u0130\u015fgal Bat\u0131 \u015eeria&#8217;da 41 Filistinliyi Tutuklad\u0131"},"content":{"rendered":"<p style=\"text-align: justify;\"><strong>\u0130\u015eGAL ED\u0130LEN KUD\u00dcS 01 \u015eUBAT (SANA) <\/strong>&#8211; \u0130srail i\u015fgal g\u00fc\u00e7leri bug\u00fcn Bat\u0131 \u015eeria&#8217;n\u0131n \u00e7e\u015fitli yerlerinde aralar\u0131nda \u00e7ocuk ve kad\u0131nlar\u0131n da bulundu\u011fu 41 Filistinliyi tutuklad\u0131.<\/p>\n<p style=\"text-align: justify;\">Wafa Ajans\u0131, i\u015fgal g\u00fc\u00e7lerinin Bat\u0131 \u015eeria&#8217;daki Tubas, Cenin, Eriha, Beyt\u00fcllahim ve Nablus \u015fehir ve kasabalar\u0131na bask\u0131n d\u00fczenledi\u011fini, Filistinlilere sald\u0131rd\u0131\u011f\u0131n\u0131 ve evlerinde arama yap\u0131p i\u00e7indekileri kurcalad\u0131ktan sonra 41 Filistinliyi tutuklad\u0131\u011f\u0131n\u0131 bildirdi.<\/p>\n<p style=\"text-align: justify;\">\u0130\u015fgal g\u00fc\u00e7leri d\u00fcn Bat\u0131 \u015eeria&#8217;da 7 Filistinliyi tutuklad\u0131.<\/p>\n<p style=\"text-align: center;\"><strong><a href=\"https:\/\/t.me\/SuriyeArapHaberAjansI\">Telegram Kanal\u0131m\u0131z\u00a0<\/a>||<a href=\"https:\/\/twitter.com\/arap_ajans\">X Platformumuz\u00a0<\/a>||<a href=\"https:\/\/www.facebook.com\/SANAHaberAjansi\/\">Facebook Sayfam\u0131z<\/a><\/strong><\/p>\n","protected":false},"excerpt":{"rendered":"<p>\u0130\u015eGAL ED\u0130LEN KUD\u00dcS 01 \u015eUBAT (SANA) &#8211; \u0130srail i\u015fgal g\u00fc\u00e7leri bug\u00fcn Bat\u0131 \u015eeria&#8217;n\u0131n \u00e7e\u015fitli yerlerinde aralar\u0131nda \u00e7ocuk ve kad\u0131nlar\u0131n da bulundu\u011fu 41 Filistinliyi tutuklad\u0131. Wafa Ajans\u0131, i\u015fgal g\u00fc\u00e7lerinin Bat\u0131 \u015eeria&#8217;daki Tubas, Cenin, Eriha, Beyt\u00fcllahim ve Nablus \u015fehir ve kasabalar\u0131na bask\u0131n d\u00fczenledi\u011fini, Filistinlilere sald\u0131rd\u0131\u011f\u0131n\u0131 ve evlerinde arama yap\u0131p i\u00e7indekileri kurcalad\u0131ktan sonra 41 Filistinliyi tutuklad\u0131\u011f\u0131n\u0131 bildirdi. \u0130\u015fgal &hellip;<\/p>\n","protected":false},"author":41,"featured_media":296230,"comment_status":"closed","ping_status":"closed","sticky":false,"template":"","format":"standard","meta":{"footnotes":""},"categories":[458,459,17988],"tags":[40829],"class_list":["post-296229","post","type-post","status-publish","format-standard","has-post-thumbnail","","category-dunya1","category-haberler-arap-uluslararasi-politika","category-son-haberler","tag-isgal-bati-seriada-41-filistinliyi-tutukladi"],"_links":{"self":[{"href":"https:\/\/archive.sana.sy\/tr\/index.php?rest_route=\/wp\/v2\/posts\/296229","targetHints":{"allow":["GET"]}}],"collection":[{"href":"https:\/\/archive.sana.sy\/tr\/index.php?rest_route=\/wp\/v2\/posts"}],"about":[{"href":"https:\/\/archive.sana.sy\/tr\/index.php?rest_route=\/wp\/v2\/types\/post"}],"author":[{"embeddable":true,"href":"https:\/\/archive.sana.sy\/tr\/index.php?rest_route=\/wp\/v2\/users\/41"}],"replies":[{"embeddable":true,"href":"https:\/\/archive.sana.sy\/tr\/index.php?rest_route=%2Fwp%2Fv2%2Fcomments&post=296229"}],"version-history":[{"count":1,"href":"https:\/\/archive.sana.sy\/tr\/index.php?rest_route=\/wp\/v2\/posts\/296229\/revisions"}],"predecessor-version":[{"id":296231,"href":"https:\/\/archive.sana.sy\/tr\/index.php?rest_route=\/wp\/v2\/posts\/296229\/revisions\/296231"}],"wp:featuredmedia":[{"embeddable":true,"href":"https:\/\/archive.sana.sy\/tr\/index.php?rest_route=\/wp\/v2\/media\/296230"}],"wp:attachment":[{"href":"https:\/\/archive.sana.sy\/tr\/index.php?rest_route=%2Fwp%2Fv2%2Fmedia&parent=296229"}],"wp:term":[{"taxonomy":"category","embeddable":true,"href":"https:\/\/archive.sana.sy\/tr\/index.php?rest_route=%2Fwp%2Fv2%2Fcategories&post=296229"},{"taxonomy":"post_tag","embeddable":true,"href":"https:\/\/archive.sana.sy\/tr\/index.php?rest_route=%2Fwp%2Fv2%2Ftags&post=296229"}],"curies":[{"name":"wp","href":"https:\/\/api.w.org\/{rel}","templated":true}]}}