{"id":296265,"date":"2024-02-02T11:10:33","date_gmt":"2024-02-02T08:10:33","guid":{"rendered":"https:\/\/sana.sy\/tr\/?p=296265"},"modified":"2024-02-03T10:40:00","modified_gmt":"2024-02-03T07:40:00","slug":"hava-savunma-guclerimiz-samin-guneyindeki-noktalari-hedef-alan-israil-saldirisina-karsi-cikti","status":"publish","type":"post","link":"https:\/\/archive.sana.sy\/tr\/?p=296265","title":{"rendered":"Hava Savunma G\u00fc\u00e7lerimiz, \u015eam\u2019\u0131n G\u00fcneyinde Baz\u0131 Noktalar\u0131 Hedef Alan \u0130srail Sald\u0131rganl\u0131\u011f\u0131na Kar\u015f\u0131 Koydu"},"content":{"rendered":"<p style=\"text-align: justify;\"><strong>\u015eAM 02 \u015eUBAT (SANA) \u2013<\/strong> Hava savunma g\u00fc\u00e7lerimiz \u0130srail\u2019in \u015eam\u2019\u0131n g\u00fcneyinde baz\u0131 noktalara y\u00f6nelik\u00a0 sald\u0131rganl\u0131\u011f\u0131na kar\u015f\u0131l\u0131k vererek \u00e7ok say\u0131da d\u00fc\u015fman f\u00fczesini d\u00fc\u015f\u00fcrd\u00fc.<\/p>\n<p style=\"text-align: justify;\">Askeri b\u2019r kaynak SANA\u2019ya yapt\u0131\u011f\u0131 a\u00e7\u0131klamada, \u201cBug\u00fcn saat 04.20 s\u0131ralar\u0131nda d\u00fc\u015fman \u0130srail, i\u015fgal alt\u0131ndaki Suriye Golan y\u00f6n\u00fcnden \u015eam\u2019\u0131n g\u00fcneyindeki baz\u0131 noktalar\u0131 hedef alan bir hava sald\u0131rganl\u0131\u011f\u0131 ger\u00e7ekle\u015ftirdi\u201d dedi.<\/p>\n<p style=\"text-align: justify;\">Kaynak ayr\u0131ca, \u201cHava savunma g\u00fc\u00e7lerimiz sald\u0131r\u0131n\u0131n f\u00fczelerine kar\u015f\u0131l\u0131k vererek bir k\u0131sm\u0131n\u0131 d\u00fc\u015f\u00fcrd\u00fc, kay\u0131plar maddi kay\u0131plarla s\u0131n\u0131rl\u0131 kald\u0131\u201d\u00a0 ifadelerini s\u00f6zlerine ekledi.<\/p>\n<p style=\"text-align: center;\"><strong><a href=\"https:\/\/t.me\/SuriyeArapHaberAjansI\">Telegram Kanal\u0131m\u0131z\u00a0<\/a>||<a href=\"https:\/\/twitter.com\/arap_ajans\">X Platformumuz\u00a0<\/a>||<a href=\"https:\/\/www.facebook.com\/SANAHaberAjansi\/\">Facebook Sayfam\u0131z<\/a><\/strong><\/p>\n","protected":false},"excerpt":{"rendered":"<p>\u015eAM 02 \u015eUBAT (SANA) \u2013 Hava savunma g\u00fc\u00e7lerimiz \u0130srail\u2019in \u015eam\u2019\u0131n g\u00fcneyinde baz\u0131 noktalara y\u00f6nelik\u00a0 sald\u0131rganl\u0131\u011f\u0131na kar\u015f\u0131l\u0131k vererek \u00e7ok say\u0131da d\u00fc\u015fman f\u00fczesini d\u00fc\u015f\u00fcrd\u00fc. Askeri b\u2019r kaynak SANA\u2019ya yapt\u0131\u011f\u0131 a\u00e7\u0131klamada, \u201cBug\u00fcn saat 04.20 s\u0131ralar\u0131nda d\u00fc\u015fman \u0130srail, i\u015fgal alt\u0131ndaki Suriye Golan y\u00f6n\u00fcnden \u015eam\u2019\u0131n g\u00fcneyindeki baz\u0131 noktalar\u0131 hedef alan bir hava sald\u0131rganl\u0131\u011f\u0131 ger\u00e7ekle\u015ftirdi\u201d dedi. Kaynak ayr\u0131ca, \u201cHava savunma g\u00fc\u00e7lerimiz &hellip;<\/p>\n","protected":false},"author":36,"featured_media":296266,"comment_status":"closed","ping_status":"closed","sticky":false,"template":"","format":"standard","meta":{"footnotes":""},"categories":[479,575,17988,478],"tags":[],"class_list":["post-296265","post","type-post","status-publish","format-standard","has-post-thumbnail","","category-haberler-yerel","category-olaylar-ve-gercekler","category-son-haberler","category-yerel"],"_links":{"self":[{"href":"https:\/\/archive.sana.sy\/tr\/index.php?rest_route=\/wp\/v2\/posts\/296265","targetHints":{"allow":["GET"]}}],"collection":[{"href":"https:\/\/archive.sana.sy\/tr\/index.php?rest_route=\/wp\/v2\/posts"}],"about":[{"href":"https:\/\/archive.sana.sy\/tr\/index.php?rest_route=\/wp\/v2\/types\/post"}],"author":[{"embeddable":true,"href":"https:\/\/archive.sana.sy\/tr\/index.php?rest_route=\/wp\/v2\/users\/36"}],"replies":[{"embeddable":true,"href":"https:\/\/archive.sana.sy\/tr\/index.php?rest_route=%2Fwp%2Fv2%2Fcomments&post=296265"}],"version-history":[{"count":2,"href":"https:\/\/archive.sana.sy\/tr\/index.php?rest_route=\/wp\/v2\/posts\/296265\/revisions"}],"predecessor-version":[{"id":296278,"href":"https:\/\/archive.sana.sy\/tr\/index.php?rest_route=\/wp\/v2\/posts\/296265\/revisions\/296278"}],"wp:featuredmedia":[{"embeddable":true,"href":"https:\/\/archive.sana.sy\/tr\/index.php?rest_route=\/wp\/v2\/media\/296266"}],"wp:attachment":[{"href":"https:\/\/archive.sana.sy\/tr\/index.php?rest_route=%2Fwp%2Fv2%2Fmedia&parent=296265"}],"wp:term":[{"taxonomy":"category","embeddable":true,"href":"https:\/\/archive.sana.sy\/tr\/index.php?rest_route=%2Fwp%2Fv2%2Fcategories&post=296265"},{"taxonomy":"post_tag","embeddable":true,"href":"https:\/\/archive.sana.sy\/tr\/index.php?rest_route=%2Fwp%2Fv2%2Ftags&post=296265"}],"curies":[{"name":"wp","href":"https:\/\/api.w.org\/{rel}","templated":true}]}}