{"id":296332,"date":"2024-02-03T14:30:52","date_gmt":"2024-02-03T11:30:52","guid":{"rendered":"https:\/\/sana.sy\/tr\/?p=296332"},"modified":"2024-02-04T11:36:56","modified_gmt":"2024-02-04T08:36:56","slug":"iran-abdnin-suriye-ve-iraktaki-bolgelere-yonelik-saldirganligini-siddetle-kinadi","status":"publish","type":"post","link":"https:\/\/archive.sana.sy\/tr\/?p=296332","title":{"rendered":"\u0130ran, ABD&#8217;nin Suriye Ve Irak&#8217;taki B\u00f6lgelere Y\u00f6nelik Sald\u0131rganl\u0131\u011f\u0131n\u0131 \u015eiddetle K\u0131nad\u0131"},"content":{"rendered":"<p style=\"text-align: justify;\"><strong>TAHRAN 03 \u015eUBAT (SANA)<\/strong> &#8211; \u0130ran, ABD&#8217;nin d\u00fcn gece Irak ve Suriye&#8217;deki b\u00f6lgelere y\u00f6nelik ba\u015flatt\u0131\u011f\u0131 sald\u0131r\u0131y\u0131 \u015fiddetle k\u0131nad\u0131.<\/p>\n<p style=\"text-align: justify;\">\u0130ran D\u0131\u015fi\u015fleri Bakanl\u0131\u011f\u0131 s\u00f6zc\u00fcs\u00fc Nas\u0131r Kenaani, \u0130ran Tasnim Ajans\u0131 taraf\u0131ndan yap\u0131lan a\u00e7\u0131klamada, \u2018\u2019Bu sald\u0131r\u0131, Irak ve Suriye&#8217;nin egemenli\u011finin ve toprak b\u00fct\u00fcnl\u00fc\u011f\u00fcn\u00fcn, uluslararas\u0131 hukukun ve Birle\u015fmi\u015f Milletler T\u00fcz\u00fc\u011f\u00fc&#8217;n\u00fcn a\u00e7\u0131k bir ihlalini temsil etmektedir\u2019\u2019 dedi.<\/p>\n<p style=\"text-align: justify;\">Kenaani, &#8220;Siyonist olu\u015fumun 4 ay \u00f6nce Gazze ve Bat\u0131 \u015eeria halk\u0131na y\u00f6nelik ba\u015flatt\u0131\u011f\u0131 vah\u015fi sald\u0131r\u0131lara, Yemen&#8217;e y\u00f6nelik askeri sald\u0131r\u0131lara ve bu \u00fclkenin egemenlik ve toprak b\u00fct\u00fcnl\u00fc\u011f\u00fcn\u00fcn ihlaline Amerika&#8217;n\u0131n tam deste\u011finin yan\u0131 s\u0131ra,d\u00fcn gece Suriye ve Irak&#8217;a yap\u0131lan sald\u0131r\u0131, Amerikan h\u00fck\u00fcmetinin bir ba\u015fka macera ve stratejik hatas\u0131d\u0131r ve bunun b\u00f6lgedeki gerilimi ve istikrars\u0131zl\u0131\u011f\u0131 daha da art\u0131rmaktan ba\u015fka bir sonucu olmayacakt\u0131r&#8221; ifadelerini kulland\u0131.<\/p>\n<p style=\"text-align: center;\"><strong><a href=\"https:\/\/t.me\/SuriyeArapHaberAjansI\">Telegram Kanal\u0131m\u0131z\u00a0<\/a>||<a href=\"https:\/\/twitter.com\/arap_ajans\">X Platformumuz\u00a0<\/a>||<a href=\"https:\/\/www.facebook.com\/SANAHaberAjansi\/\">Facebook Sayfam\u0131z<\/a><\/strong><\/p>\n","protected":false},"excerpt":{"rendered":"<p>TAHRAN 03 \u015eUBAT (SANA) &#8211; \u0130ran, ABD&#8217;nin d\u00fcn gece Irak ve Suriye&#8217;deki b\u00f6lgelere y\u00f6nelik ba\u015flatt\u0131\u011f\u0131 sald\u0131r\u0131y\u0131 \u015fiddetle k\u0131nad\u0131. \u0130ran D\u0131\u015fi\u015fleri Bakanl\u0131\u011f\u0131 s\u00f6zc\u00fcs\u00fc Nas\u0131r Kenaani, \u0130ran Tasnim Ajans\u0131 taraf\u0131ndan yap\u0131lan a\u00e7\u0131klamada, \u2018\u2019Bu sald\u0131r\u0131, Irak ve Suriye&#8217;nin egemenli\u011finin ve toprak b\u00fct\u00fcnl\u00fc\u011f\u00fcn\u00fcn, uluslararas\u0131 hukukun ve Birle\u015fmi\u015f Milletler T\u00fcz\u00fc\u011f\u00fc&#8217;n\u00fcn a\u00e7\u0131k bir ihlalini temsil etmektedir\u2019\u2019 dedi. Kenaani, &#8220;Siyonist olu\u015fumun 4 &hellip;<\/p>\n","protected":false},"author":41,"featured_media":296333,"comment_status":"closed","ping_status":"closed","sticky":false,"template":"","format":"standard","meta":{"footnotes":""},"categories":[458,459,17988],"tags":[],"class_list":["post-296332","post","type-post","status-publish","format-standard","has-post-thumbnail","","category-dunya1","category-haberler-arap-uluslararasi-politika","category-son-haberler"],"_links":{"self":[{"href":"https:\/\/archive.sana.sy\/tr\/index.php?rest_route=\/wp\/v2\/posts\/296332","targetHints":{"allow":["GET"]}}],"collection":[{"href":"https:\/\/archive.sana.sy\/tr\/index.php?rest_route=\/wp\/v2\/posts"}],"about":[{"href":"https:\/\/archive.sana.sy\/tr\/index.php?rest_route=\/wp\/v2\/types\/post"}],"author":[{"embeddable":true,"href":"https:\/\/archive.sana.sy\/tr\/index.php?rest_route=\/wp\/v2\/users\/41"}],"replies":[{"embeddable":true,"href":"https:\/\/archive.sana.sy\/tr\/index.php?rest_route=%2Fwp%2Fv2%2Fcomments&post=296332"}],"version-history":[{"count":1,"href":"https:\/\/archive.sana.sy\/tr\/index.php?rest_route=\/wp\/v2\/posts\/296332\/revisions"}],"predecessor-version":[{"id":296334,"href":"https:\/\/archive.sana.sy\/tr\/index.php?rest_route=\/wp\/v2\/posts\/296332\/revisions\/296334"}],"wp:featuredmedia":[{"embeddable":true,"href":"https:\/\/archive.sana.sy\/tr\/index.php?rest_route=\/wp\/v2\/media\/296333"}],"wp:attachment":[{"href":"https:\/\/archive.sana.sy\/tr\/index.php?rest_route=%2Fwp%2Fv2%2Fmedia&parent=296332"}],"wp:term":[{"taxonomy":"category","embeddable":true,"href":"https:\/\/archive.sana.sy\/tr\/index.php?rest_route=%2Fwp%2Fv2%2Fcategories&post=296332"},{"taxonomy":"post_tag","embeddable":true,"href":"https:\/\/archive.sana.sy\/tr\/index.php?rest_route=%2Fwp%2Fv2%2Ftags&post=296332"}],"curies":[{"name":"wp","href":"https:\/\/api.w.org\/{rel}","templated":true}]}}