{"id":296344,"date":"2024-02-03T14:33:54","date_gmt":"2024-02-03T11:33:54","guid":{"rendered":"https:\/\/sana.sy\/tr\/?p=296344"},"modified":"2024-02-04T11:36:57","modified_gmt":"2024-02-04T08:36:57","slug":"bm-gazze-seridinde-kesinlikle-guvenli-bir-yer-yoktur","status":"publish","type":"post","link":"https:\/\/archive.sana.sy\/tr\/?p=296344","title":{"rendered":"BM: Gazze \u015eeridi&#8217;nde Kesinlikle G\u00fcvenli Bir Yer Yoktur"},"content":{"rendered":"<p style=\"text-align: justify;\"><strong>CENEVRE 03 \u015eUBAT (SANA) &#8211;<\/strong> Birle\u015fmi\u015f Milletler bug\u00fcn, devam eden \u0130srail sald\u0131rganl\u0131\u011f\u0131n\u0131n bir sonucu olarak Gazze \u015eeridi&#8217;nde k\u00f6t\u00fcle\u015fen ko\u015fullar ve g\u00fcvenli bir yerin bulunmamas\u0131 konusundaki endi\u015felerini dile getirdi.<\/p>\n<p style=\"text-align: justify;\">Agence France-Presse, Birle\u015fmi\u015f Milletler Cenevre&#8217;deki \u0130nsani \u0130\u015fler Koordinasyon Ofisi (OCHA) s\u00f6zc\u00fcs\u00fc Jens Laerke&#8217;nin \u015funlar\u0131 s\u00f6yledi\u011fini aktard\u0131: \u2018\u2019Son g\u00fcnlerde g\u00fcneye, Refah&#8217;a giden giderek artan say\u0131da insan, bu k\u00f6t\u00fc hava ko\u015fullar\u0131 nedeniyle ge\u00e7ici binalarda, \u00e7ad\u0131rlarda veya a\u00e7\u0131k havada ya\u015fad\u0131\u011f\u0131 i\u00e7in \u00e7aresizlik ya\u015f\u0131yor.\u2019\u2019<\/p>\n<p style=\"text-align: justify;\">Larki, \u0130srail&#8217;in Han Yunus kentini \u00f6zellikle hastanelerin yak\u0131nlar\u0131n\u0131 bombalamas\u0131ndan duydu\u011fu \u015foku dile getirerek, sa\u011fl\u0131k personeli, yaral\u0131 ve hastalar\u0131n yan\u0131 s\u0131ra buraya s\u0131\u011f\u0131nan binlerce yerinden edilmi\u015f insan\u0131n b\u00fcy\u00fck tehlikeye maruz kald\u0131\u011f\u0131n\u0131 kaydetti.<\/p>\n<p style=\"text-align: justify;\">Larki ayr\u0131ca, &#8220;insani durumun k\u00f6t\u00fcle\u015fti\u011fini ve Gazze \u015eeridi&#8217;nde kesinlikle g\u00fcvenli bir yer olmad\u0131\u011f\u0131n\u0131&#8221; vurgulad\u0131.<\/p>\n<p style=\"text-align: center;\"><strong><a href=\"https:\/\/t.me\/SuriyeArapHaberAjansI\">Telegram Kanal\u0131m\u0131z\u00a0<\/a>||<a href=\"https:\/\/twitter.com\/arap_ajans\">X Platformumuz\u00a0<\/a>||<a href=\"https:\/\/www.facebook.com\/SANAHaberAjansi\/\">Facebook Sayfam\u0131z<\/a><\/strong><\/p>\n","protected":false},"excerpt":{"rendered":"<p>CENEVRE 03 \u015eUBAT (SANA) &#8211; Birle\u015fmi\u015f Milletler bug\u00fcn, devam eden \u0130srail sald\u0131rganl\u0131\u011f\u0131n\u0131n bir sonucu olarak Gazze \u015eeridi&#8217;nde k\u00f6t\u00fcle\u015fen ko\u015fullar ve g\u00fcvenli bir yerin bulunmamas\u0131 konusundaki endi\u015felerini dile getirdi. Agence France-Presse, Birle\u015fmi\u015f Milletler Cenevre&#8217;deki \u0130nsani \u0130\u015fler Koordinasyon Ofisi (OCHA) s\u00f6zc\u00fcs\u00fc Jens Laerke&#8217;nin \u015funlar\u0131 s\u00f6yledi\u011fini aktard\u0131: \u2018\u2019Son g\u00fcnlerde g\u00fcneye, Refah&#8217;a giden giderek artan say\u0131da insan, bu k\u00f6t\u00fc &hellip;<\/p>\n","protected":false},"author":41,"featured_media":296345,"comment_status":"closed","ping_status":"closed","sticky":false,"template":"","format":"standard","meta":{"footnotes":""},"categories":[458,459,17988],"tags":[40835],"class_list":["post-296344","post","type-post","status-publish","format-standard","has-post-thumbnail","","category-dunya1","category-haberler-arap-uluslararasi-politika","category-son-haberler","tag-bm-gazze-seridinde-kesinlikle-guvenli-bir-yer-yoktur"],"_links":{"self":[{"href":"https:\/\/archive.sana.sy\/tr\/index.php?rest_route=\/wp\/v2\/posts\/296344","targetHints":{"allow":["GET"]}}],"collection":[{"href":"https:\/\/archive.sana.sy\/tr\/index.php?rest_route=\/wp\/v2\/posts"}],"about":[{"href":"https:\/\/archive.sana.sy\/tr\/index.php?rest_route=\/wp\/v2\/types\/post"}],"author":[{"embeddable":true,"href":"https:\/\/archive.sana.sy\/tr\/index.php?rest_route=\/wp\/v2\/users\/41"}],"replies":[{"embeddable":true,"href":"https:\/\/archive.sana.sy\/tr\/index.php?rest_route=%2Fwp%2Fv2%2Fcomments&post=296344"}],"version-history":[{"count":1,"href":"https:\/\/archive.sana.sy\/tr\/index.php?rest_route=\/wp\/v2\/posts\/296344\/revisions"}],"predecessor-version":[{"id":296346,"href":"https:\/\/archive.sana.sy\/tr\/index.php?rest_route=\/wp\/v2\/posts\/296344\/revisions\/296346"}],"wp:featuredmedia":[{"embeddable":true,"href":"https:\/\/archive.sana.sy\/tr\/index.php?rest_route=\/wp\/v2\/media\/296345"}],"wp:attachment":[{"href":"https:\/\/archive.sana.sy\/tr\/index.php?rest_route=%2Fwp%2Fv2%2Fmedia&parent=296344"}],"wp:term":[{"taxonomy":"category","embeddable":true,"href":"https:\/\/archive.sana.sy\/tr\/index.php?rest_route=%2Fwp%2Fv2%2Fcategories&post=296344"},{"taxonomy":"post_tag","embeddable":true,"href":"https:\/\/archive.sana.sy\/tr\/index.php?rest_route=%2Fwp%2Fv2%2Ftags&post=296344"}],"curies":[{"name":"wp","href":"https:\/\/api.w.org\/{rel}","templated":true}]}}