{"id":2966,"date":"2014-05-16T14:24:35","date_gmt":"2014-05-16T11:24:35","guid":{"rendered":"http:\/\/sanasyria.org\/tr\/?p=2966"},"modified":"2014-06-13T14:49:13","modified_gmt":"2014-06-13T11:49:13","slug":"cuma-suriye-halkinin-ozledigi-yasam-ancak-el-esadla-mumkundur","status":"publish","type":"post","link":"https:\/\/archive.sana.sy\/tr\/?p=2966","title":{"rendered":"Cuma: Suriye Halk\u0131n\u0131n \u00d6zledi\u011fi Ya\u015fam Ancak El Esad\u2019la M\u00fcmk\u00fcnd\u00fcr"},"content":{"rendered":"<p><span style=\"color: #800000\">\u015eAM \u2013<\/span> Spor Genel Federasyonu Ba\u015fkan\u0131 Muvaffak Cuma SANA\u2019ya yapt\u0131\u011f\u0131 a\u00e7\u0131klamada; spor camias\u0131n\u0131n Cumhurba\u015fkanl\u0131\u011f\u0131 se\u00e7imlerinde Say\u0131n Be\u015f\u015far el Esad\u2019\u0131 destekleyece\u011fini ifade ederek Suriye halk\u0131n\u0131n \u00f6zledi\u011fi ya\u015fam\u0131n ancak el Esad ile m\u00fcmk\u00fcn oldu\u011funu vurgulad\u0131.<\/p>\n<p>Say\u0131n el Esad\u2019\u0131n her zaman spor sekt\u00f6r\u00fcn\u00fc destekledi\u011fini ve te\u015fvik etti\u011fini dile getiren Cuma; son s\u00fcre\u00e7te yay\u0131nlanan yasa ve kanunlarla Suriye\u2019de spor sekt\u00f6r\u00fcn\u00fcn bir ivme kazand\u0131\u011f\u0131n\u0131n alt\u0131n\u0131 \u00e7izdi.<\/p>\n<p>\u00d6te yandan Spor Genel Federasyonu Ba\u015fkan\u0131 Yard\u0131mc\u0131s\u0131 Mahir el Hayyata; demokrasinin, Suriye halk\u0131n\u0131n asaleti ve onurlu tarihini yans\u0131tt\u0131\u011f\u0131na i\u015faret ederek anayasal se\u00e7imlere kat\u0131lman\u0131n ulusal bir hak ve sorumluluk te\u015fkil etti\u011fini dile getirdi.<\/p>\n<p>Se\u00e7imlerin \u015fehitlere ve vatana duyulan vefay\u0131 yans\u0131tmak i\u00e7in bir f\u0131rsat te\u015fkil etti\u011fine de\u011finen Hayyata; Suriye halk\u0131n\u0131n kendi gelece\u011fini belirleyecek g\u00fc\u00e7 ve iradeye sahip oldu\u011funun alt\u0131n\u0131 \u00e7izdi.<\/p>\n","protected":false},"excerpt":{"rendered":"<p>\u015eAM \u2013 Spor Genel Federasyonu Ba\u015fkan\u0131 Muvaffak Cuma SANA\u2019ya yapt\u0131\u011f\u0131 a\u00e7\u0131klamada; spor camias\u0131n\u0131n Cumhurba\u015fkanl\u0131\u011f\u0131 se\u00e7imlerinde Say\u0131n Be\u015f\u015far el Esad\u2019\u0131 destekleyece\u011fini ifade ederek Suriye halk\u0131n\u0131n \u00f6zledi\u011fi ya\u015fam\u0131n ancak el Esad ile m\u00fcmk\u00fcn oldu\u011funu vurgulad\u0131. Say\u0131n el Esad\u2019\u0131n her zaman spor sekt\u00f6r\u00fcn\u00fc destekledi\u011fini ve te\u015fvik etti\u011fini dile getiren Cuma; son s\u00fcre\u00e7te yay\u0131nlanan yasa ve kanunlarla Suriye\u2019de spor &hellip;<\/p>\n","protected":false},"author":1,"featured_media":2967,"comment_status":"closed","ping_status":"closed","sticky":false,"template":"","format":"standard","meta":{"footnotes":""},"categories":[496],"tags":[659],"class_list":["post-2966","post","type-post","status-publish","format-standard","has-post-thumbnail","","category-spor","tag-cuma-suriye-halkinin-ozledigi-yasam-ancak-el-esadla-mumkundur"],"_links":{"self":[{"href":"https:\/\/archive.sana.sy\/tr\/index.php?rest_route=\/wp\/v2\/posts\/2966","targetHints":{"allow":["GET"]}}],"collection":[{"href":"https:\/\/archive.sana.sy\/tr\/index.php?rest_route=\/wp\/v2\/posts"}],"about":[{"href":"https:\/\/archive.sana.sy\/tr\/index.php?rest_route=\/wp\/v2\/types\/post"}],"author":[{"embeddable":true,"href":"https:\/\/archive.sana.sy\/tr\/index.php?rest_route=\/wp\/v2\/users\/1"}],"replies":[{"embeddable":true,"href":"https:\/\/archive.sana.sy\/tr\/index.php?rest_route=%2Fwp%2Fv2%2Fcomments&post=2966"}],"version-history":[{"count":0,"href":"https:\/\/archive.sana.sy\/tr\/index.php?rest_route=\/wp\/v2\/posts\/2966\/revisions"}],"wp:featuredmedia":[{"embeddable":true,"href":"https:\/\/archive.sana.sy\/tr\/index.php?rest_route=\/wp\/v2\/media\/2967"}],"wp:attachment":[{"href":"https:\/\/archive.sana.sy\/tr\/index.php?rest_route=%2Fwp%2Fv2%2Fmedia&parent=2966"}],"wp:term":[{"taxonomy":"category","embeddable":true,"href":"https:\/\/archive.sana.sy\/tr\/index.php?rest_route=%2Fwp%2Fv2%2Fcategories&post=2966"},{"taxonomy":"post_tag","embeddable":true,"href":"https:\/\/archive.sana.sy\/tr\/index.php?rest_route=%2Fwp%2Fv2%2Ftags&post=2966"}],"curies":[{"name":"wp","href":"https:\/\/api.w.org\/{rel}","templated":true}]}}