{"id":296777,"date":"2024-02-11T08:30:50","date_gmt":"2024-02-11T05:30:50","guid":{"rendered":"https:\/\/sana.sy\/tr\/?p=296777"},"modified":"2024-02-12T09:22:18","modified_gmt":"2024-02-12T06:22:18","slug":"iran-disisleri-bakani-huseyin-emir-abdullahiyan-sam-uluslararasi-havalimanina-geldi","status":"publish","type":"post","link":"https:\/\/archive.sana.sy\/tr\/?p=296777","title":{"rendered":"\u0130ran D\u0131\u015fi\u015fleri Bakan\u0131 H\u00fcseyin Emir Abdullahiyan \u015eam Uluslararas\u0131 Havaliman\u0131&#8217;na Geldi"},"content":{"rendered":"<p><strong>\u015eAM 11 \u015eUBAT 2024 (SANA) \u2013<\/strong> SANA muhabiri, \u0130ran D\u0131\u015fi\u015fleri Bakan\u0131 H\u00fcseyin Emir Abdullahiyan&#8217;\u0131n bug\u00fcn \u015eam Uluslararas\u0131 Havaliman\u0131&#8217;na geldi\u011fini bildirdi.<\/p>\n<p>&nbsp;<\/p>\n<p style=\"text-align: center;\"><strong><a href=\"https:\/\/t.me\/SuriyeArapHaberAjansI\">Telegram Kanal\u0131m\u0131z\u00a0<\/a>||<a href=\"https:\/\/twitter.com\/arap_ajans\">X Platformumuz\u00a0<\/a>||<a href=\"https:\/\/www.facebook.com\/SANAHaberAjansi\/\">Facebook Sayfam\u0131z<\/a><\/strong><\/p>\n","protected":false},"excerpt":{"rendered":"<p>\u015eAM 11 \u015eUBAT 2024 (SANA) \u2013 SANA muhabiri, \u0130ran D\u0131\u015fi\u015fleri Bakan\u0131 H\u00fcseyin Emir Abdullahiyan&#8217;\u0131n bug\u00fcn \u015eam Uluslararas\u0131 Havaliman\u0131&#8217;na geldi\u011fini bildirdi. &nbsp; Telegram Kanal\u0131m\u0131z\u00a0||X Platformumuz\u00a0||Facebook Sayfam\u0131z<\/p>\n","protected":false},"author":39,"featured_media":296778,"comment_status":"closed","ping_status":"closed","sticky":false,"template":"","format":"standard","meta":{"footnotes":""},"categories":[479,17988,478],"tags":[],"class_list":["post-296777","post","type-post","status-publish","format-standard","has-post-thumbnail","","category-haberler-yerel","category-son-haberler","category-yerel"],"_links":{"self":[{"href":"https:\/\/archive.sana.sy\/tr\/index.php?rest_route=\/wp\/v2\/posts\/296777","targetHints":{"allow":["GET"]}}],"collection":[{"href":"https:\/\/archive.sana.sy\/tr\/index.php?rest_route=\/wp\/v2\/posts"}],"about":[{"href":"https:\/\/archive.sana.sy\/tr\/index.php?rest_route=\/wp\/v2\/types\/post"}],"author":[{"embeddable":true,"href":"https:\/\/archive.sana.sy\/tr\/index.php?rest_route=\/wp\/v2\/users\/39"}],"replies":[{"embeddable":true,"href":"https:\/\/archive.sana.sy\/tr\/index.php?rest_route=%2Fwp%2Fv2%2Fcomments&post=296777"}],"version-history":[{"count":4,"href":"https:\/\/archive.sana.sy\/tr\/index.php?rest_route=\/wp\/v2\/posts\/296777\/revisions"}],"predecessor-version":[{"id":296796,"href":"https:\/\/archive.sana.sy\/tr\/index.php?rest_route=\/wp\/v2\/posts\/296777\/revisions\/296796"}],"wp:featuredmedia":[{"embeddable":true,"href":"https:\/\/archive.sana.sy\/tr\/index.php?rest_route=\/wp\/v2\/media\/296778"}],"wp:attachment":[{"href":"https:\/\/archive.sana.sy\/tr\/index.php?rest_route=%2Fwp%2Fv2%2Fmedia&parent=296777"}],"wp:term":[{"taxonomy":"category","embeddable":true,"href":"https:\/\/archive.sana.sy\/tr\/index.php?rest_route=%2Fwp%2Fv2%2Fcategories&post=296777"},{"taxonomy":"post_tag","embeddable":true,"href":"https:\/\/archive.sana.sy\/tr\/index.php?rest_route=%2Fwp%2Fv2%2Ftags&post=296777"}],"curies":[{"name":"wp","href":"https:\/\/api.w.org\/{rel}","templated":true}]}}