{"id":296854,"date":"2024-02-12T12:20:31","date_gmt":"2024-02-12T09:20:31","guid":{"rendered":"https:\/\/sana.sy\/tr\/?p=296854"},"modified":"2024-02-13T12:54:06","modified_gmt":"2024-02-13T09:54:06","slug":"mikdad-sri-lankanin-suriye-olaganustu-ve-tam-yetkili-buyukelcisi-olarak-yerlesik-olmayan-buyukelci-kapila-cayaveeranin-guven-mekubununun-bir-nushasini-teslim-aldi","status":"publish","type":"post","link":"https:\/\/archive.sana.sy\/tr\/?p=296854","title":{"rendered":"Mikdad, Sri Lanka&#8217;n\u0131n Suriye&#8217;de Mukim Olmayan B\u00fcy\u00fckel\u00e7isinin G\u00fcven Mektubunu Teslim Ald\u0131"},"content":{"rendered":"<p style=\"text-align: justify;\"><strong>\u015eAM 12 \u015eUBAT 2024 (SANA) \u2013<\/strong>Bug\u00fcn, D\u0131\u015fi\u015fleri ve G\u00f6\u00e7menler Bakan\u0131 Faysal Mikdad, Sri Lanka Demokratik Sosyalist Cumhuriyeti&#8217;nin Suriye Arap Cumhuriyeti&#8217;nde yerle\u015fik olmayan b\u00fcy\u00fckel\u00e7isi olarak g\u00fcven mektubunu sunan <img loading=\"lazy\" decoding=\"async\" class=\"size-full wp-image-296890 alignright\" src=\"http:\/\/sana.sy\/tr\/wp-content\/uploads\/2024\/02\/DSC_7737-300x191-1.jpg\" alt=\"\" width=\"300\" height=\"191\" \/>Kapila Jayaweera&#8217;y\u0131 kabul etti.<\/p>\n<p style=\"text-align: justify;\">B\u00fcy\u00fckel\u00e7i Jayaweera, Suriye&#8217;yi ziyaret etmekten ve orada yerle\u015fik olmayan b\u00fcy\u00fckel\u00e7i olarak atanmaktan duydu\u011fu mutlulu\u011fu dile getirerek, iki \u00fclke aras\u0131ndaki ekonomik ve pop\u00fcler d\u00fczeyde ikili ili\u015fkilerin g\u00fc\u00e7lendirilmesi ve uluslararas\u0131 alanda i\u015fbirli\u011finin s\u00fcrd\u00fcr\u00fclmesi i\u00e7in \u00e7al\u0131\u015fmaya haz\u0131r oldu\u011funu vurgulad\u0131.<\/p>\n<p style=\"text-align: justify;\">G\u00f6r\u00fc\u015fme s\u0131ras\u0131nda Bakan Al-Miqdad, iki dost \u00fclke aras\u0131ndaki se\u00e7kin dostane ili\u015fkilere ve bunlar\u0131n Birle\u015fmi\u015f Milletler ve \u00e7e\u015fitli b\u00f6lgesel \u00f6rg\u00fctler b\u00fcnyesindeki her d\u00fczeydeki i\u015fbirliklerine de\u011finirken,\u00a0 uluslararas\u0131 sahnedeki durumun yorumlanmas\u0131 konusunda iki \u00fclkenin ortak g\u00f6r\u00fc\u015flere sahip oldu\u011funa dikkat \u00e7ekti.<\/p>\n<p style=\"text-align: justify;\">\u0130ki taraf, i\u015fgal alt\u0131ndaki Filistin topraklar\u0131nda artan geli\u015fmeleri ve \u0130srail&#8217;in Gazze ve Bat\u0131 \u015eeria&#8217;daki Filistin halk\u0131na y\u00f6nelik sald\u0131r\u0131lar\u0131n\u0131 durdurma ihtiyac\u0131n\u0131 ele alarak, Filistinlileri anavatanlar\u0131n\u0131n d\u0131\u015f\u0131na \u00e7\u0131karmaya y\u00f6nelik giri\u015fimlere kar\u015f\u0131 durman\u0131n ve Filistinlilere hi\u00e7bir k\u0131s\u0131tlama veya ko\u015ful olmaks\u0131z\u0131n insani yard\u0131m ula\u015ft\u0131rmak i\u00e7in \u00e7al\u0131\u015fman\u0131n gereklili\u011fini vurgulad\u0131lar.<\/p>\n<div id='gallery-1' class='gallery galleryid-296854 gallery-columns-2 gallery-size-medium'><figure class='gallery-item'>\n\t\t\t<div class='gallery-icon landscape'>\n\t\t\t\t<a href='https:\/\/archive.sana.sy\/tr\/?attachment_id=296891'><img loading=\"lazy\" decoding=\"async\" width=\"300\" height=\"200\" src=\"https:\/\/archive.sana.sy\/tr\/wp-content\/uploads\/2024\/02\/DSC_7729-300x200.jpg\" class=\"attachment-medium size-medium\" alt=\"\" srcset=\"https:\/\/archive.sana.sy\/tr\/wp-content\/uploads\/2024\/02\/DSC_7729-300x200.jpg 300w, https:\/\/archive.sana.sy\/tr\/wp-content\/uploads\/2024\/02\/DSC_7729.jpg 660w\" sizes=\"auto, (max-width: 300px) 100vw, 300px\" \/><\/a>\n\t\t\t<\/div><\/figure><figure class='gallery-item'>\n\t\t\t<div class='gallery-icon landscape'>\n\t\t\t\t<a href='https:\/\/archive.sana.sy\/tr\/?attachment_id=296892'><img loading=\"lazy\" decoding=\"async\" width=\"300\" height=\"187\" src=\"https:\/\/archive.sana.sy\/tr\/wp-content\/uploads\/2024\/02\/DSC_7725-300x187.jpg\" class=\"attachment-medium size-medium\" alt=\"\" srcset=\"https:\/\/archive.sana.sy\/tr\/wp-content\/uploads\/2024\/02\/DSC_7725-300x187.jpg 300w, https:\/\/archive.sana.sy\/tr\/wp-content\/uploads\/2024\/02\/DSC_7725.jpg 660w\" sizes=\"auto, (max-width: 300px) 100vw, 300px\" \/><\/a>\n\t\t\t<\/div><\/figure>\n\t\t<\/div>\n\n<p style=\"text-align: center;\"><strong><a href=\"https:\/\/t.me\/SuriyeArapHaberAjansI\">Telegram Kanal\u0131m\u0131z\u00a0<\/a>||<a href=\"https:\/\/twitter.com\/arap_ajans\">X Platformumuz\u00a0<\/a>||<a href=\"https:\/\/www.facebook.com\/SANAHaberAjansi\/\">Facebook Sayfam\u0131z<\/a><\/strong><\/p>\n","protected":false},"excerpt":{"rendered":"<p>\u015eAM 12 \u015eUBAT 2024 (SANA) \u2013Bug\u00fcn, D\u0131\u015fi\u015fleri ve G\u00f6\u00e7menler Bakan\u0131 Faysal Mikdad, Sri Lanka Demokratik Sosyalist Cumhuriyeti&#8217;nin Suriye Arap Cumhuriyeti&#8217;nde yerle\u015fik olmayan b\u00fcy\u00fckel\u00e7isi olarak g\u00fcven mektubunu sunan Kapila Jayaweera&#8217;y\u0131 kabul etti. B\u00fcy\u00fckel\u00e7i Jayaweera, Suriye&#8217;yi ziyaret etmekten ve orada yerle\u015fik olmayan b\u00fcy\u00fckel\u00e7i olarak atanmaktan duydu\u011fu mutlulu\u011fu dile getirerek, iki \u00fclke aras\u0131ndaki ekonomik ve pop\u00fcler d\u00fczeyde ikili &hellip;<\/p>\n","protected":false},"author":39,"featured_media":296855,"comment_status":"closed","ping_status":"closed","sticky":false,"template":"","format":"standard","meta":{"footnotes":""},"categories":[479,17988,478],"tags":[],"class_list":["post-296854","post","type-post","status-publish","format-standard","has-post-thumbnail","","category-haberler-yerel","category-son-haberler","category-yerel"],"_links":{"self":[{"href":"https:\/\/archive.sana.sy\/tr\/index.php?rest_route=\/wp\/v2\/posts\/296854","targetHints":{"allow":["GET"]}}],"collection":[{"href":"https:\/\/archive.sana.sy\/tr\/index.php?rest_route=\/wp\/v2\/posts"}],"about":[{"href":"https:\/\/archive.sana.sy\/tr\/index.php?rest_route=\/wp\/v2\/types\/post"}],"author":[{"embeddable":true,"href":"https:\/\/archive.sana.sy\/tr\/index.php?rest_route=\/wp\/v2\/users\/39"}],"replies":[{"embeddable":true,"href":"https:\/\/archive.sana.sy\/tr\/index.php?rest_route=%2Fwp%2Fv2%2Fcomments&post=296854"}],"version-history":[{"count":6,"href":"https:\/\/archive.sana.sy\/tr\/index.php?rest_route=\/wp\/v2\/posts\/296854\/revisions"}],"predecessor-version":[{"id":296915,"href":"https:\/\/archive.sana.sy\/tr\/index.php?rest_route=\/wp\/v2\/posts\/296854\/revisions\/296915"}],"wp:featuredmedia":[{"embeddable":true,"href":"https:\/\/archive.sana.sy\/tr\/index.php?rest_route=\/wp\/v2\/media\/296855"}],"wp:attachment":[{"href":"https:\/\/archive.sana.sy\/tr\/index.php?rest_route=%2Fwp%2Fv2%2Fmedia&parent=296854"}],"wp:term":[{"taxonomy":"category","embeddable":true,"href":"https:\/\/archive.sana.sy\/tr\/index.php?rest_route=%2Fwp%2Fv2%2Fcategories&post=296854"},{"taxonomy":"post_tag","embeddable":true,"href":"https:\/\/archive.sana.sy\/tr\/index.php?rest_route=%2Fwp%2Fv2%2Ftags&post=296854"}],"curies":[{"name":"wp","href":"https:\/\/api.w.org\/{rel}","templated":true}]}}