{"id":296863,"date":"2024-02-12T12:46:35","date_gmt":"2024-02-12T09:46:35","guid":{"rendered":"https:\/\/sana.sy\/tr\/?p=296863"},"modified":"2024-02-13T08:54:43","modified_gmt":"2024-02-13T05:54:43","slug":"mikdad-youssef-ibrahim-al-akuri-baskanligindaki-libya-parlamento-heyetiyle-gorustu","status":"publish","type":"post","link":"https:\/\/archive.sana.sy\/tr\/?p=296863","title":{"rendered":"Mikdad, Yusuf \u0130brahim El Akuri Ba\u015fkanl\u0131\u011f\u0131ndaki Libya Parlamento Heyetiyle G\u00f6r\u00fc\u015ft\u00fc"},"content":{"rendered":"<p style=\"text-align: justify;\"><strong>\u015eAM 12 \u015eUBAT 2024 (SANA) \u2013 <\/strong>D\u0131\u015fi\u015fleri ve Gurbet\u00e7iler Bakan\u0131 Faysal Mikdad, bu \u00f6\u011fleden sonra Libya Parlamentosu D\u0131\u015fi\u015fleri Komitesi Ba\u015fkan\u0131 Yusuf\u00a0 \u0130brahim El Akuri ba\u015fkanl\u0131\u011f\u0131ndaki bir Libya parlamento heyetini kabul etti.<\/p>\n<p style=\"text-align: justify;\">\u0130ki taraf, \u0130srail&#8217;in Filistin halk\u0131na y\u00f6nelik devam eden sald\u0131rganl\u0131\u011f\u0131n\u0131 k\u0131nad\u0131klar\u0131n\u0131 yineleyerek iki \u00fclke aras\u0131ndaki ikili ili\u015fkileri g\u00f6zden ge\u00e7irdi. Bu ba\u011flamda, Siyonist varl\u0131\u011f\u0131n masum vatanda\u015flara y\u00f6nelik ba\u015flatt\u0131\u011f\u0131 vah\u015fi sald\u0131r\u0131lar kar\u015f\u0131s\u0131nda Filistin direni\u015finin kararl\u0131l\u0131\u011f\u0131na tam destek verdiklerini ifade ettiler.<\/p>\n<p style=\"text-align: justify;\"><img loading=\"lazy\" decoding=\"async\" class=\"wp-image-296865 alignright\" src=\"http:\/\/sana.sy\/tr\/wp-content\/uploads\/2024\/02\/1-26.jpg\" alt=\"\" width=\"300\" height=\"214\" srcset=\"https:\/\/archive.sana.sy\/tr\/wp-content\/uploads\/2024\/02\/1-26.jpg 660w, https:\/\/archive.sana.sy\/tr\/wp-content\/uploads\/2024\/02\/1-26-300x214.jpg 300w\" sizes=\"auto, (max-width: 300px) 100vw, 300px\" \/>Bakan Mikdad, Suriye Arap Cumhuriyeti&#8217;nin Libya&#8217;n\u0131n birli\u011fi, ba\u011f\u0131ms\u0131zl\u0131\u011f\u0131 ve egemenli\u011fine tam deste\u011fini vurgulayarak, iki \u00fclkenin halklar\u0131n\u0131 birbirine ba\u011flayan karde\u015flik ba\u011flar\u0131n\u0131n derinli\u011fine ve g\u00fcc\u00fcne i\u015faret ederken, b\u00f6lgenin kar\u015f\u0131 kar\u015f\u0131ya oldu\u011fu \u00e7e\u015fitli zorluklarla y\u00fczle\u015fmek i\u00e7in ortak Arap eylemini g\u00fc\u00e7lendirme ihtiyac\u0131n\u0131 vurgulad\u0131.<\/p>\n<p style=\"text-align: justify;\">Bakan Mikdad g\u00f6r\u00fc\u015fmede ayr\u0131ca, iki \u00fclke halklar\u0131 aras\u0131ndaki dostlu\u011fun g\u00fc\u00e7lendirilmesinde, ikili ili\u015fkilerin her alanda geli\u015ftirilmesine katk\u0131 sa\u011flanmas\u0131nda parlamento \u00e7al\u0131\u015fmalar\u0131n\u0131n \u00f6nemine ve rol\u00fcne dikkat \u00e7ekti.<\/p>\n<p style=\"text-align: justify;\">El Akuri ise, Siyonistlerin Suriye&#8217;ye y\u00f6nelik sald\u0131r\u0131lar\u0131n\u0131 k\u0131naman\u0131n ve i\u00e7 i\u015flerine d\u0131\u015f m\u00fcdahaleyi reddetmenin gereklili\u011fini vurgulad\u0131 ve \u00fclkenin d\u00fcnya ad\u0131na ter\u00f6rle m\u00fccadeledeki kararl\u0131l\u0131\u011f\u0131n\u0131 \u00f6vd\u00fc.<\/p>\n<p style=\"text-align: justify;\">El Akuri ayr\u0131ca, Suriye Arap Cumhuriyeti&#8217;nin \u00e7ok \u00f6nemli, tarihi pan-Arap rol\u00fcne dikkat \u00e7ekerek, iki \u00fclke aras\u0131ndaki ili\u015fkilerin g\u00fc\u00e7lendirilmesinin \u00f6nemini \u00e7\u00fcnk\u00fc bunun iki \u00fclke halklar\u0131n\u0131n ortak \u00e7\u0131kar\u0131na oldu\u011funu a\u00e7\u0131klayarak, Libya&#8217;n\u0131n Suriye&#8217;ye gerekli her t\u00fcrl\u00fc deste\u011fi sa\u011flamaya haz\u0131r oldu\u011funu vurgulad\u0131k.<\/p>\n<div id='gallery-1' class='gallery galleryid-296863 gallery-columns-2 gallery-size-medium'><figure class='gallery-item'>\n\t\t\t<div class='gallery-icon landscape'>\n\t\t\t\t<a href='https:\/\/archive.sana.sy\/tr\/?attachment_id=296897'><img loading=\"lazy\" decoding=\"async\" width=\"300\" height=\"190\" src=\"https:\/\/archive.sana.sy\/tr\/wp-content\/uploads\/2024\/02\/DSC_7757-copy-300x190.jpg\" class=\"attachment-medium size-medium\" alt=\"\" srcset=\"https:\/\/archive.sana.sy\/tr\/wp-content\/uploads\/2024\/02\/DSC_7757-copy-300x190.jpg 300w, https:\/\/archive.sana.sy\/tr\/wp-content\/uploads\/2024\/02\/DSC_7757-copy.jpg 660w\" sizes=\"auto, (max-width: 300px) 100vw, 300px\" \/><\/a>\n\t\t\t<\/div><\/figure><figure class='gallery-item'>\n\t\t\t<div class='gallery-icon landscape'>\n\t\t\t\t<a href='https:\/\/archive.sana.sy\/tr\/?attachment_id=296898'><img loading=\"lazy\" decoding=\"async\" width=\"300\" height=\"181\" src=\"https:\/\/archive.sana.sy\/tr\/wp-content\/uploads\/2024\/02\/DSC_7748-copy-300x181.jpg\" class=\"attachment-medium size-medium\" alt=\"\" srcset=\"https:\/\/archive.sana.sy\/tr\/wp-content\/uploads\/2024\/02\/DSC_7748-copy-300x181.jpg 300w, https:\/\/archive.sana.sy\/tr\/wp-content\/uploads\/2024\/02\/DSC_7748-copy.jpg 660w\" sizes=\"auto, (max-width: 300px) 100vw, 300px\" \/><\/a>\n\t\t\t<\/div><\/figure>\n\t\t<\/div>\n\n<p>&nbsp;<\/p>\n<p style=\"text-align: center;\"><strong><a href=\"https:\/\/t.me\/SuriyeArapHaberAjansI\">Telegram Kanal\u0131m\u0131z\u00a0<\/a>||<a href=\"https:\/\/twitter.com\/arap_ajans\">X Platformumuz\u00a0<\/a>||<a href=\"https:\/\/www.facebook.com\/SANAHaberAjansi\/\">Facebook Sayfam\u0131z<\/a><\/strong><\/p>\n","protected":false},"excerpt":{"rendered":"<p>\u015eAM 12 \u015eUBAT 2024 (SANA) \u2013 D\u0131\u015fi\u015fleri ve Gurbet\u00e7iler Bakan\u0131 Faysal Mikdad, bu \u00f6\u011fleden sonra Libya Parlamentosu D\u0131\u015fi\u015fleri Komitesi Ba\u015fkan\u0131 Yusuf\u00a0 \u0130brahim El Akuri ba\u015fkanl\u0131\u011f\u0131ndaki bir Libya parlamento heyetini kabul etti. \u0130ki taraf, \u0130srail&#8217;in Filistin halk\u0131na y\u00f6nelik devam eden sald\u0131rganl\u0131\u011f\u0131n\u0131 k\u0131nad\u0131klar\u0131n\u0131 yineleyerek iki \u00fclke aras\u0131ndaki ikili ili\u015fkileri g\u00f6zden ge\u00e7irdi. Bu ba\u011flamda, Siyonist varl\u0131\u011f\u0131n masum vatanda\u015flara &hellip;<\/p>\n","protected":false},"author":39,"featured_media":296896,"comment_status":"closed","ping_status":"closed","sticky":false,"template":"","format":"standard","meta":{"footnotes":""},"categories":[479,17988,478],"tags":[],"class_list":["post-296863","post","type-post","status-publish","format-standard","has-post-thumbnail","","category-haberler-yerel","category-son-haberler","category-yerel"],"_links":{"self":[{"href":"https:\/\/archive.sana.sy\/tr\/index.php?rest_route=\/wp\/v2\/posts\/296863","targetHints":{"allow":["GET"]}}],"collection":[{"href":"https:\/\/archive.sana.sy\/tr\/index.php?rest_route=\/wp\/v2\/posts"}],"about":[{"href":"https:\/\/archive.sana.sy\/tr\/index.php?rest_route=\/wp\/v2\/types\/post"}],"author":[{"embeddable":true,"href":"https:\/\/archive.sana.sy\/tr\/index.php?rest_route=\/wp\/v2\/users\/39"}],"replies":[{"embeddable":true,"href":"https:\/\/archive.sana.sy\/tr\/index.php?rest_route=%2Fwp%2Fv2%2Fcomments&post=296863"}],"version-history":[{"count":10,"href":"https:\/\/archive.sana.sy\/tr\/index.php?rest_route=\/wp\/v2\/posts\/296863\/revisions"}],"predecessor-version":[{"id":296900,"href":"https:\/\/archive.sana.sy\/tr\/index.php?rest_route=\/wp\/v2\/posts\/296863\/revisions\/296900"}],"wp:featuredmedia":[{"embeddable":true,"href":"https:\/\/archive.sana.sy\/tr\/index.php?rest_route=\/wp\/v2\/media\/296896"}],"wp:attachment":[{"href":"https:\/\/archive.sana.sy\/tr\/index.php?rest_route=%2Fwp%2Fv2%2Fmedia&parent=296863"}],"wp:term":[{"taxonomy":"category","embeddable":true,"href":"https:\/\/archive.sana.sy\/tr\/index.php?rest_route=%2Fwp%2Fv2%2Fcategories&post=296863"},{"taxonomy":"post_tag","embeddable":true,"href":"https:\/\/archive.sana.sy\/tr\/index.php?rest_route=%2Fwp%2Fv2%2Ftags&post=296863"}],"curies":[{"name":"wp","href":"https:\/\/api.w.org\/{rel}","templated":true}]}}