{"id":296901,"date":"2024-02-12T18:30:35","date_gmt":"2024-02-12T15:30:35","guid":{"rendered":"https:\/\/sana.sy\/tr\/?p=296901"},"modified":"2024-02-14T08:10:57","modified_gmt":"2024-02-14T05:10:57","slug":"disisleri-bakanligi-somalideki-gordon-ussunu-hedef-alan-teror-saldirisini-kinadi","status":"publish","type":"post","link":"https:\/\/archive.sana.sy\/tr\/?p=296901","title":{"rendered":"D\u0131\u015fi\u015fleri Bakanl\u0131\u011f\u0131, Somali&#8217;deki Gordon \u00dcss\u00fcn\u00fc Hedef Alan Ter\u00f6r Sald\u0131r\u0131s\u0131n\u0131 K\u0131nad\u0131"},"content":{"rendered":"<p style=\"text-align: justify;\"><strong>\u015eAM 12 \u015eUBAT (SANA)<\/strong> &#8211; \u00a0D\u0131\u015fi\u015fleri ve Gurbet\u00e7iler Bakanl\u0131\u011f\u0131, d\u00fcn karde\u015f Somali Federal Cumhuriyeti&#8217;ndeki Gordon \u00dcss\u00fc&#8217;n\u00fc hedef alan ve karde\u015f \u00a0Birle\u015fik Arap Emirlikleri ve Bahreyn Krall\u0131\u011f\u0131 silahl\u0131 kuvvetlerinin baz\u0131 \u00fcyelerinin, Somali silahl\u0131 kuvvetlerinin e\u011fitimi ve vas\u0131fland\u0131r\u0131lmas\u0131 g\u00f6revlerini yerine getirirken \u00f6l\u00fcm\u00fcyle sonu\u00e7lanan korkak\u00e7a ter\u00f6r sald\u0131r\u0131s\u0131n\u0131 k\u0131nad\u0131.<\/p>\n<p style=\"text-align: justify;\">Bakanl\u0131k, bug\u00fcn bir kopyas\u0131 SANA&#8217;ya ula\u015fan a\u00e7\u0131klamada, iki karde\u015f \u00fclkenin h\u00fck\u00fcmetlerine ve halklar\u0131na taziyelerini iletti, yaral\u0131lara acil \u015fifalar diledi.<\/p>\n<p style=\"text-align: justify;\">BAE Savunma Bakanl\u0131\u011f\u0131, Somali Cumhuriyeti&#8217;nde ter\u00f6r sald\u0131r\u0131s\u0131na maruz kalan 3 BAE Silahl\u0131 Kuvvetleri mensubu ve bir Bahreyn subay\u0131n\u0131n \u00f6ld\u00fcr\u00fcld\u00fc\u011f\u00fcn\u00fc, 2 ki\u015finin de yaraland\u0131\u011f\u0131n\u0131 duyurmu\u015ftu.<\/p>\n<p style=\"text-align: center;\"><strong><a href=\"https:\/\/t.me\/SuriyeArapHaberAjansI\">Telegram Kanal\u0131m\u0131z\u00a0<\/a>||<a href=\"https:\/\/twitter.com\/arap_ajans\">X Platformumuz\u00a0<\/a>||<a href=\"https:\/\/www.facebook.com\/SANAHaberAjansi\/\">Facebook Sayfam\u0131z<\/a><\/strong><\/p>\n","protected":false},"excerpt":{"rendered":"<p>\u015eAM 12 \u015eUBAT (SANA) &#8211; \u00a0D\u0131\u015fi\u015fleri ve Gurbet\u00e7iler Bakanl\u0131\u011f\u0131, d\u00fcn karde\u015f Somali Federal Cumhuriyeti&#8217;ndeki Gordon \u00dcss\u00fc&#8217;n\u00fc hedef alan ve karde\u015f \u00a0Birle\u015fik Arap Emirlikleri ve Bahreyn Krall\u0131\u011f\u0131 silahl\u0131 kuvvetlerinin baz\u0131 \u00fcyelerinin, Somali silahl\u0131 kuvvetlerinin e\u011fitimi ve vas\u0131fland\u0131r\u0131lmas\u0131 g\u00f6revlerini yerine getirirken \u00f6l\u00fcm\u00fcyle sonu\u00e7lanan korkak\u00e7a ter\u00f6r sald\u0131r\u0131s\u0131n\u0131 k\u0131nad\u0131. Bakanl\u0131k, bug\u00fcn bir kopyas\u0131 SANA&#8217;ya ula\u015fan a\u00e7\u0131klamada, iki karde\u015f \u00fclkenin &hellip;<\/p>\n","protected":false},"author":41,"featured_media":296903,"comment_status":"closed","ping_status":"closed","sticky":false,"template":"","format":"standard","meta":{"footnotes":""},"categories":[479,17988,478],"tags":[2420,40884],"class_list":["post-296901","post","type-post","status-publish","format-standard","has-post-thumbnail","","category-haberler-yerel","category-son-haberler","category-yerel","tag-disisleri-bakanligi","tag-somalideki-gordon-ussunu-hedef-alan-teror-saldirisini-kinadi"],"_links":{"self":[{"href":"https:\/\/archive.sana.sy\/tr\/index.php?rest_route=\/wp\/v2\/posts\/296901","targetHints":{"allow":["GET"]}}],"collection":[{"href":"https:\/\/archive.sana.sy\/tr\/index.php?rest_route=\/wp\/v2\/posts"}],"about":[{"href":"https:\/\/archive.sana.sy\/tr\/index.php?rest_route=\/wp\/v2\/types\/post"}],"author":[{"embeddable":true,"href":"https:\/\/archive.sana.sy\/tr\/index.php?rest_route=\/wp\/v2\/users\/41"}],"replies":[{"embeddable":true,"href":"https:\/\/archive.sana.sy\/tr\/index.php?rest_route=%2Fwp%2Fv2%2Fcomments&post=296901"}],"version-history":[{"count":1,"href":"https:\/\/archive.sana.sy\/tr\/index.php?rest_route=\/wp\/v2\/posts\/296901\/revisions"}],"predecessor-version":[{"id":296902,"href":"https:\/\/archive.sana.sy\/tr\/index.php?rest_route=\/wp\/v2\/posts\/296901\/revisions\/296902"}],"wp:featuredmedia":[{"embeddable":true,"href":"https:\/\/archive.sana.sy\/tr\/index.php?rest_route=\/wp\/v2\/media\/296903"}],"wp:attachment":[{"href":"https:\/\/archive.sana.sy\/tr\/index.php?rest_route=%2Fwp%2Fv2%2Fmedia&parent=296901"}],"wp:term":[{"taxonomy":"category","embeddable":true,"href":"https:\/\/archive.sana.sy\/tr\/index.php?rest_route=%2Fwp%2Fv2%2Fcategories&post=296901"},{"taxonomy":"post_tag","embeddable":true,"href":"https:\/\/archive.sana.sy\/tr\/index.php?rest_route=%2Fwp%2Fv2%2Ftags&post=296901"}],"curies":[{"name":"wp","href":"https:\/\/api.w.org\/{rel}","templated":true}]}}