{"id":296905,"date":"2024-02-12T18:01:26","date_gmt":"2024-02-12T15:01:26","guid":{"rendered":"https:\/\/sana.sy\/tr\/?p=296905"},"modified":"2024-02-14T08:10:54","modified_gmt":"2024-02-14T05:10:54","slug":"halk-meclisi-baskani-libya-parlamento-heyetiyle-bir-araya-geldi","status":"publish","type":"post","link":"https:\/\/archive.sana.sy\/tr\/?p=296905","title":{"rendered":"Halk Meclisi Ba\u015fkan\u0131 Libya Parlamento Heyetiyle Bir Araya Geldi"},"content":{"rendered":"<p style=\"text-align: justify;\"><strong>\u015eAM 12 \u015eUBAT (SANA)<\/strong> &#8211; Halk Meclisi Ba\u015fkan\u0131 Hammuda Sabba\u011f, bug\u00fcn \u015eam&#8217;daki Konsey binas\u0131nda, Libya Parlamentosu D\u0131\u015fi\u015fleri Komitesi Ba\u015fkan\u0131 Yusuf \u0130brahim El Kuri ba\u015fkanl\u0131\u011f\u0131ndaki Libya parlamento heyetiyle bir araya geldi.<\/p>\n<p style=\"text-align: justify;\">S<img loading=\"lazy\" decoding=\"async\" class=\"size-full wp-image-296907 alignright\" src=\"http:\/\/sana.sy\/tr\/wp-content\/uploads\/2024\/02\/DSC_7795-copy-300x180-1.jpg\" alt=\"\" width=\"300\" height=\"180\" \/>abba\u011f \u00a0g\u00f6\u00fcr\u015fmede, Suriye&#8217;nin, ba\u015f\u0131na gelen sava\u015flara, komplolara ve ku\u015fatmalara ra\u011fmen, halk\u0131n\u0131n kararl\u0131l\u0131\u011f\u0131 ve fedakarl\u0131\u011f\u0131 sonucunda Arap\u00e7\u0131l\u0131\u011f\u0131n s\u00fcrekli atan kalbi ve ortak Arap eyleminin kulu\u00e7ka makinesi olmaya devam etti\u011fini vurgulayarak, u ziyaretin iki karde\u015f \u00fclke aras\u0131ndaki ili\u015fkilerin g\u00fc\u00e7lendirilmesi ve kar\u015f\u0131l\u0131kl\u0131 parlamento ziyaretlerinin s\u0131kl\u0131\u011f\u0131n\u0131n art\u0131r\u0131lmas\u0131n\u0131n ba\u015flang\u0131c\u0131 olmas\u0131n\u0131 umdu\u011funu ifade etti.<\/p>\n<p style=\"text-align: justify;\">Libya parlamento heyeti ba\u015fkan\u0131 ise iki halk aras\u0131ndaki g\u00fc\u00e7l\u00fc karde\u015flik ili\u015fkilerinin \u00f6nemini vurgulad\u0131 ve kendisine kar\u015f\u0131 haz\u0131rlanan komplolara ra\u011fmen Suriye&#8217;nin \u00f6zg\u00fcrl\u00fck, vatanseverlik ve milliyet\u00e7ilik feneri olmaya devam edece\u011fini vurgularken\u00fc Bu ziyaretin iki parlamento ve iki karde\u015f \u00fclke aras\u0131ndaki ili\u015fkileri g\u00fc\u00e7lendirmeyi ama\u00e7lad\u0131\u011f\u0131n\u0131 belirtti.<\/p>\n<p style=\"text-align: center;\"><strong><a href=\"https:\/\/t.me\/SuriyeArapHaberAjansI\">Telegram Kanal\u0131m\u0131z\u00a0<\/a>||<a href=\"https:\/\/twitter.com\/arap_ajans\">X Platformumuz\u00a0<\/a>||<a href=\"https:\/\/www.facebook.com\/SANAHaberAjansi\/\">Facebook Sayfam\u0131z<\/a><\/strong><\/p>\n","protected":false},"excerpt":{"rendered":"<p>\u015eAM 12 \u015eUBAT (SANA) &#8211; Halk Meclisi Ba\u015fkan\u0131 Hammuda Sabba\u011f, bug\u00fcn \u015eam&#8217;daki Konsey binas\u0131nda, Libya Parlamentosu D\u0131\u015fi\u015fleri Komitesi Ba\u015fkan\u0131 Yusuf \u0130brahim El Kuri ba\u015fkanl\u0131\u011f\u0131ndaki Libya parlamento heyetiyle bir araya geldi. Sabba\u011f \u00a0g\u00f6\u00fcr\u015fmede, Suriye&#8217;nin, ba\u015f\u0131na gelen sava\u015flara, komplolara ve ku\u015fatmalara ra\u011fmen, halk\u0131n\u0131n kararl\u0131l\u0131\u011f\u0131 ve fedakarl\u0131\u011f\u0131 sonucunda Arap\u00e7\u0131l\u0131\u011f\u0131n s\u00fcrekli atan kalbi ve ortak Arap eyleminin kulu\u00e7ka makinesi &hellip;<\/p>\n","protected":false},"author":41,"featured_media":296906,"comment_status":"closed","ping_status":"closed","sticky":false,"template":"","format":"standard","meta":{"footnotes":""},"categories":[479,17988,478],"tags":[],"class_list":["post-296905","post","type-post","status-publish","format-standard","has-post-thumbnail","","category-haberler-yerel","category-son-haberler","category-yerel"],"_links":{"self":[{"href":"https:\/\/archive.sana.sy\/tr\/index.php?rest_route=\/wp\/v2\/posts\/296905","targetHints":{"allow":["GET"]}}],"collection":[{"href":"https:\/\/archive.sana.sy\/tr\/index.php?rest_route=\/wp\/v2\/posts"}],"about":[{"href":"https:\/\/archive.sana.sy\/tr\/index.php?rest_route=\/wp\/v2\/types\/post"}],"author":[{"embeddable":true,"href":"https:\/\/archive.sana.sy\/tr\/index.php?rest_route=\/wp\/v2\/users\/41"}],"replies":[{"embeddable":true,"href":"https:\/\/archive.sana.sy\/tr\/index.php?rest_route=%2Fwp%2Fv2%2Fcomments&post=296905"}],"version-history":[{"count":1,"href":"https:\/\/archive.sana.sy\/tr\/index.php?rest_route=\/wp\/v2\/posts\/296905\/revisions"}],"predecessor-version":[{"id":296908,"href":"https:\/\/archive.sana.sy\/tr\/index.php?rest_route=\/wp\/v2\/posts\/296905\/revisions\/296908"}],"wp:featuredmedia":[{"embeddable":true,"href":"https:\/\/archive.sana.sy\/tr\/index.php?rest_route=\/wp\/v2\/media\/296906"}],"wp:attachment":[{"href":"https:\/\/archive.sana.sy\/tr\/index.php?rest_route=%2Fwp%2Fv2%2Fmedia&parent=296905"}],"wp:term":[{"taxonomy":"category","embeddable":true,"href":"https:\/\/archive.sana.sy\/tr\/index.php?rest_route=%2Fwp%2Fv2%2Fcategories&post=296905"},{"taxonomy":"post_tag","embeddable":true,"href":"https:\/\/archive.sana.sy\/tr\/index.php?rest_route=%2Fwp%2Fv2%2Ftags&post=296905"}],"curies":[{"name":"wp","href":"https:\/\/api.w.org\/{rel}","templated":true}]}}