{"id":296912,"date":"2024-02-12T13:53:15","date_gmt":"2024-02-12T10:53:15","guid":{"rendered":"https:\/\/sana.sy\/tr\/?p=296912"},"modified":"2024-02-14T08:10:46","modified_gmt":"2024-02-14T05:10:46","slug":"suriye-refah-isgalinin-yikici-etkileri-konusunda-uyardi-bolgede-guvenlik-ve-istikrara-yonelik-buyuk-bir-tehdittir","status":"publish","type":"post","link":"https:\/\/archive.sana.sy\/tr\/?p=296912","title":{"rendered":"Suriye, Refah \u0130\u015fgalinin Y\u0131k\u0131c\u0131 Etkileri Konusunda Uyard\u0131: B\u00f6lgede G\u00fcvenlik Ve \u0130stikrara Y\u00f6nelik B\u00fcy\u00fck Bir Tehdittir"},"content":{"rendered":"<p style=\"text-align: justify;\"><strong>\u015eAM 12 \u015eUBAT (SANA) &#8211;<\/strong> Suriye, \u0130srail&#8217;in Refah \u015fehrini i\u015fgal etme plan\u0131n\u0131n, ge\u00e7im kaynaklar\u0131 ve ya\u015famlar\u0131yla ilgili her \u015feyi yok ettikten sonra Gazze \u015eeridi&#8217;nin her yerinden vah\u015fice yerinden edilen Filistinlilerin hayatlar\u0131 \u00fczerindeki y\u0131k\u0131c\u0131 etkileri konusunda uyararak, ABD&#8217;nin bu tehlikeli ve insanl\u0131k d\u0131\u015f\u0131 plan\u0131n uygulanmas\u0131na izin vermesinin b\u00f6lgenin g\u00fcvenlik ve istikrar\u0131na b\u00fcy\u00fck bir tehdit olu\u015fturdu\u011funu vurgulad\u0131.<\/p>\n<p style=\"text-align: justify;\">D\u0131\u015fi\u015fleri ve Gurbet\u00e7iler Bakanl\u0131\u011f\u0131&#8217;n\u0131n bug\u00fcn bir kopyas\u0131 SANA&#8217;ya ula\u015fan a\u00e7\u0131klamas\u0131nda, \u2018\u2019D\u00fcnyan\u0131n pek \u00e7ok \u00fclkesi, \u0130srail&#8217;in Gazze \u015eeridi&#8217;nin g\u00fcneyindeki Refah \u015fehrine karadan askeri sald\u0131r\u0131 ba\u015flatma y\u00f6n\u00fcndeki insanl\u0131k d\u0131\u015f\u0131 niyetini takip ediyor. Refah, \u0131rk\u00e7\u0131 Siyonist olu\u015fum taraf\u0131ndan kuzey ve orta Gazze \u015eeridi&#8217;ndeki \u015fehirlerinden uzakla\u015ft\u0131r\u0131lan bir bu\u00e7uk milyondan fazla Filistinli i\u00e7in tek ve nihai s\u0131\u011f\u0131na\u011f\u0131 temsil ediyor\u2019\u2019 diyerek, \u0130srail&#8217;in sald\u0131r\u0131y\u0131 ba\u015flatma karar\u0131n\u0131n uluslararas\u0131 hukuk kurallar\u0131n\u0131n, uluslararas\u0131 insanc\u0131l hukukun ve en temel insan haklar\u0131n\u0131n ciddi bir ihlali oldu\u011funa dikkat \u00e7ekti.<\/p>\n<p style=\"text-align: justify;\">\u2018\u2019Suriye Arap Cumhuriyeti, \u0130srail&#8217;in Refah \u015fehrine y\u00f6nelik herhangi bir sald\u0131r\u0131s\u0131n\u0131n, ba\u015fta \u00e7ocuklar ve kad\u0131nlar olmak \u00fczere sivillerin ve geri kalan Filistinlilerin hayatlar\u0131 \u00fczerinde y\u0131k\u0131c\u0131 etkileri olaca\u011f\u0131 konusunda uyar\u0131yor\u2019\u2019 diyen Bakanl\u0131k, ABD&#8217;nin i\u015fgale tehlikeli ve insanl\u0131k d\u0131\u015f\u0131 plan\u0131n\u0131n uygulanmas\u0131na izin vermesinin b\u00f6lgenin g\u00fcvenlik ve istikrar\u0131na b\u00fcy\u00fck bir tehdit olu\u015fturaca\u011f\u0131n\u0131 vurgulad\u0131.<\/p>\n<p style=\"text-align: justify;\">Bakanl\u0131k ayr\u0131ca, \u00a0\u2018\u2019Filistinlilerin daha fazla yerinden edilmesi ahlaki a\u00e7\u0131dan k\u0131nanacak bir durumdur ve uluslararas\u0131 toplumun onlar\u0131 korumas\u0131n\u0131, evlerine d\u00f6nmelerini zorlamas\u0131n\u0131 ve insani ihtiya\u00e7lar\u0131n\u0131n derhal ve kal\u0131c\u0131 olarak kar\u015f\u0131lanmas\u0131n\u0131 gerektirir\u2019\u2019 ifadelerini kulland\u0131.<\/p>\n<p style=\"text-align: justify;\">D\u0131\u015fi\u015fleri Bakanl\u0131\u011f\u0131 a\u00e7\u0131klamas\u0131nda ayr\u0131ca, \u2018\u2019Sald\u0131rganl\u0131\u011f\u0131n\u0131n ba\u015flad\u0131\u011f\u0131 7 Ekim&#8217;den bu yana Gazze \u015eeridi&#8217;nde 28.000&#8217;den fazla Filistinliyi \u00f6ld\u00fcrmekle kalmad\u0131, G\u00f6r\u00fcn\u00fc\u015fe g\u00f6re daha fazla Filistinliyi \u00f6ld\u00fcrme arzusunun s\u0131n\u0131r\u0131 yok. \u00a0\u0130srail barbarl\u0131\u011f\u0131, y\u00fczy\u0131llar \u00f6nce d\u00fcnyan\u0131n di\u011fer b\u00f6lgelerinde i\u015flenen su\u00e7lar\u0131 geride b\u0131rak\u0131yor\u2019\u2019 ifadelerini s\u00f6zlerine ekleiyerek, \u0130srail&#8217;in Filistinlilere kar\u015f\u0131 uygulad\u0131\u011f\u0131 insan soyk\u0131r\u0131m\u0131n\u0131 durdurmas\u0131 ve \u0130srailli fa\u015fist liderlerden hesap sormas\u0131 i\u00e7in Uluslararas\u0131 Adalet Divan\u0131 ba\u015fta olmak \u00fczere t\u00fcm d\u00fcnya \u00fclkelerine \u00e7a\u011fr\u0131s\u0131n\u0131 yineledi.<\/p>\n<p style=\"text-align: center;\">.<strong><a href=\"https:\/\/t.me\/SuriyeArapHaberAjansI\">Telegram Kanal\u0131m\u0131z\u00a0<\/a>||<a href=\"https:\/\/twitter.com\/arap_ajans\">X Platformumuz\u00a0<\/a>||<a href=\"https:\/\/www.facebook.com\/SANAHaberAjansi\/\">Facebook Sayfam\u0131z<\/a><\/strong><\/p>\n","protected":false},"excerpt":{"rendered":"<p>\u015eAM 12 \u015eUBAT (SANA) &#8211; Suriye, \u0130srail&#8217;in Refah \u015fehrini i\u015fgal etme plan\u0131n\u0131n, ge\u00e7im kaynaklar\u0131 ve ya\u015famlar\u0131yla ilgili her \u015feyi yok ettikten sonra Gazze \u015eeridi&#8217;nin her yerinden vah\u015fice yerinden edilen Filistinlilerin hayatlar\u0131 \u00fczerindeki y\u0131k\u0131c\u0131 etkileri konusunda uyararak, ABD&#8217;nin bu tehlikeli ve insanl\u0131k d\u0131\u015f\u0131 plan\u0131n uygulanmas\u0131na izin vermesinin b\u00f6lgenin g\u00fcvenlik ve istikrar\u0131na b\u00fcy\u00fck bir tehdit olu\u015fturdu\u011funu vurgulad\u0131. &hellip;<\/p>\n","protected":false},"author":41,"featured_media":296913,"comment_status":"closed","ping_status":"closed","sticky":false,"template":"","format":"standard","meta":{"footnotes":""},"categories":[479,17988,478],"tags":[],"class_list":["post-296912","post","type-post","status-publish","format-standard","has-post-thumbnail","","category-haberler-yerel","category-son-haberler","category-yerel"],"_links":{"self":[{"href":"https:\/\/archive.sana.sy\/tr\/index.php?rest_route=\/wp\/v2\/posts\/296912","targetHints":{"allow":["GET"]}}],"collection":[{"href":"https:\/\/archive.sana.sy\/tr\/index.php?rest_route=\/wp\/v2\/posts"}],"about":[{"href":"https:\/\/archive.sana.sy\/tr\/index.php?rest_route=\/wp\/v2\/types\/post"}],"author":[{"embeddable":true,"href":"https:\/\/archive.sana.sy\/tr\/index.php?rest_route=\/wp\/v2\/users\/41"}],"replies":[{"embeddable":true,"href":"https:\/\/archive.sana.sy\/tr\/index.php?rest_route=%2Fwp%2Fv2%2Fcomments&post=296912"}],"version-history":[{"count":1,"href":"https:\/\/archive.sana.sy\/tr\/index.php?rest_route=\/wp\/v2\/posts\/296912\/revisions"}],"predecessor-version":[{"id":296914,"href":"https:\/\/archive.sana.sy\/tr\/index.php?rest_route=\/wp\/v2\/posts\/296912\/revisions\/296914"}],"wp:featuredmedia":[{"embeddable":true,"href":"https:\/\/archive.sana.sy\/tr\/index.php?rest_route=\/wp\/v2\/media\/296913"}],"wp:attachment":[{"href":"https:\/\/archive.sana.sy\/tr\/index.php?rest_route=%2Fwp%2Fv2%2Fmedia&parent=296912"}],"wp:term":[{"taxonomy":"category","embeddable":true,"href":"https:\/\/archive.sana.sy\/tr\/index.php?rest_route=%2Fwp%2Fv2%2Fcategories&post=296912"},{"taxonomy":"post_tag","embeddable":true,"href":"https:\/\/archive.sana.sy\/tr\/index.php?rest_route=%2Fwp%2Fv2%2Ftags&post=296912"}],"curies":[{"name":"wp","href":"https:\/\/api.w.org\/{rel}","templated":true}]}}