{"id":296916,"date":"2024-02-13T08:49:54","date_gmt":"2024-02-13T05:49:54","guid":{"rendered":"https:\/\/sana.sy\/tr\/?p=296916"},"modified":"2024-02-14T09:51:17","modified_gmt":"2024-02-14T06:51:17","slug":"aksa-tufani-operasyonu-bugunun-en-one-cikan-gelismeleri-44","status":"publish","type":"post","link":"https:\/\/archive.sana.sy\/tr\/?p=296916","title":{"rendered":"Aksa Tufan\u0131 Operasyonu\u2026 Bug\u00fcn\u00fcn En \u00d6ne \u00c7\u0131kan Geli\u015fmeleri"},"content":{"rendered":"<p style=\"text-align: justify;\"><strong>\u0130\u015eGAL ED\u0130LEN KUD\u00dcS 13 \u015eUBAT 2024 (SANA) \u2013<\/strong>\u00a0Filistin direni\u015finin i\u015fgalci \u0130srail\u2019in sald\u0131rganl\u0131\u011f\u0131na yan\u0131t olarak 7 Ekim\u2019de ba\u015flatt\u0131\u011f\u0131 Aksa Tufan\u0131 Operasyonu\u2019nda \u00f6ne \u00e7\u0131kan geli\u015fmeler:<\/p>\n<ul>\n<li style=\"text-align: justify;\">Filistin D\u0131\u015fi\u015fleri Bakanl\u0131\u011f\u0131, Gazze \u015eeridi halk\u0131n\u0131n korunmas\u0131na ili\u015fkin uluslararas\u0131 fikir birli\u011finin eyleme d\u00f6n\u00fc\u015ft\u00fcr\u00fclmesini talep etti.<\/li>\n<li style=\"text-align: justify;\">Filistin direni\u015fi, Gazze \u015eeridi&#8217;nin g\u00fcneyindeki Han Yunus \u015fehrinin do\u011fusundaki Abasan el-Kabira b\u00f6lgesinde bir evin i\u00e7inde barikat kuran 5 askerden olu\u015fan \u0130srail i\u015fgal g\u00fcc\u00fcne kar\u015f\u0131 anti-personel bombas\u0131n\u0131 patlatt\u0131.<\/li>\n<li style=\"text-align: justify;\">Filistin medyas\u0131: \u0130srail i\u015fgalinin Gazze \u015fehrinin kuzeyindeki \u015eeyh Radwan mahallesinde bir arabay\u0131 bombalamas\u0131 sonucu 4 Filistinli \u015fehit d\u00fc\u015ft\u00fc.<\/li>\n<li style=\"text-align: justify;\">Filistin direni\u015fi, i\u015fgalin Nas\u0131r T\u0131p Kompleksi&#8217;nde su\u00e7 i\u015fledi\u011fi konusunda uyar\u0131yor ve Birle\u015fmi\u015f Milletler&#8217;i harekete ge\u00e7meye \u00e7a\u011f\u0131rd\u0131.<\/li>\n<li style=\"text-align: justify;\">Filistin Direni\u015fi: Sava\u015f\u00e7\u0131lar\u0131m\u0131z, Gazze \u015eeridi&#8217;nin g\u00fcneyindeki Han Yunus \u015fehrinin do\u011fusundaki Abasan el-Kabira b\u00f6lgesinde 7 askerden olu\u015fan Siyonist g\u00fc\u00e7le s\u0131f\u0131r mesafeden \u00e7at\u0131\u015fm\u0131\u015f, \u00f6l\u00fc ve yaral\u0131lar b\u0131rak\u0131lm\u0131\u015ft\u0131r..<\/li>\n<li style=\"text-align: justify;\"><a href=\"https:\/\/www.sana.sy\/tr\/?p=296939\">Peskov: Rusya, Gazze&#8217;de ate\u015fkese yol a\u00e7acak her t\u00fcrl\u00fc tedbiri desteklemeye haz\u0131r.<\/a><\/li>\n<li style=\"text-align: justify;\"><a href=\"https:\/\/www.sana.sy\/tr\/?p=296936\">Lavrov: ABD, Cezayir&#8217;in Gazze&#8217;ye ili\u015fkin sundu\u011fu karar tasla\u011f\u0131n\u0131n oylanmas\u0131n\u0131 engellemek i\u00e7in elinden geleni yap\u0131yor.<\/a><\/li>\n<li style=\"text-align: justify;\">Amerikal\u0131 yazar: Refah, \u0130srail&#8217;in Filistinlilere y\u00f6nelik su\u00e7 plan\u0131nda daha ac\u0131mas\u0131z bir b\u00f6l\u00fcm daha.<\/li>\n<li style=\"text-align: justify;\">133 \u015fehit&#8230; Gazze \u015eeridi&#8217;nde son 24 saatte ya\u015fanan i\u015fgal katliamlar\u0131nda ma\u011fdurlar.<\/li>\n<li style=\"text-align: justify;\">Filistin Sa\u011fl\u0131k Bakanl\u0131\u011f\u0131: \u0130srail i\u015fgalinin Gazze \u015eeridi&#8217;nde 130&#8217;uncu g\u00fcn\u00fcnde s\u00fcrd\u00fcrd\u00fc\u011f\u00fc sald\u0131r\u0131da \u015fehit edilenlerin say\u0131s\u0131 28 bin 473 \u015fehit ve 68 bin 146 yaral\u0131ya y\u00fckseldi.<\/li>\n<li style=\"text-align: justify;\">Filistin Sa\u011fl\u0131k Bakanl\u0131\u011f\u0131: \u0130srail i\u015fgali son 24 saatte Gazze \u015eeridi&#8217;nde 16 katliam ger\u00e7ekle\u015ftirerek 133 \u015fehit ve 162 yaral\u0131 verdi.<\/li>\n<li style=\"text-align: justify;\">Filistin D\u0131\u015fi\u015fleri Bakanl\u0131\u011f\u0131: Yerle\u015fimcilerin su\u00e7lar\u0131ndaki art\u0131\u015f uluslararas\u0131 hukuka meydan okuyor.<\/li>\n<li style=\"text-align: justify;\"><a href=\"https:\/\/www.sana.sy\/tr\/?p=296920\">\u0130srail i\u015fgalinin Gazze \u015eeridi&#8217;ni 130&#8217;uncu g\u00fcn\u00fcnde de bombalamas\u0131 sonucu \u00e7ok say\u0131da Filistinli \u015fehit oldu.<\/a><\/li>\n<li style=\"text-align: justify;\">\u0130srail i\u015fgali, g\u00fcney Gazze \u015eeridi&#8217;nde Filistin direni\u015fiyle ya\u015fanan \u00e7at\u0131\u015fmalar s\u0131ras\u0131nda iki subay ve bir askerin \u00f6ld\u00fcr\u00fcld\u00fc\u011f\u00fcn\u00fc ve di\u011fer iki askerin de yaraland\u0131\u011f\u0131n\u0131 kabul etti.<\/li>\n<li style=\"text-align: justify;\">Filistin medyas\u0131: \u0130srail&#8217;in Gazze \u015eeridi&#8217;nin merkezindeki Nuseyrat kamp\u0131ndaki bir evi i\u015fgal etmesi sonucu 5 \u015fehit ve \u00e7ok say\u0131da yaral\u0131.<\/li>\n<\/ul>\n<p style=\"text-align: center;\"><strong><a href=\"https:\/\/t.me\/SuriyeArapHaberAjansI\">Kanal\u0131m\u0131z <\/a>||<a href=\"https:\/\/twitter.com\/arap_ajans\">X Platformumuz\u00a0<\/a>||<a href=\"https:\/\/www.facebook.com\/SANAHaberAjansi\/\">Facebook Sayfam\u0131z<\/a><\/strong><\/p>\n","protected":false},"excerpt":{"rendered":"<p>\u0130\u015eGAL ED\u0130LEN KUD\u00dcS 13 \u015eUBAT 2024 (SANA) \u2013\u00a0Filistin direni\u015finin i\u015fgalci \u0130srail\u2019in sald\u0131rganl\u0131\u011f\u0131na yan\u0131t olarak 7 Ekim\u2019de ba\u015flatt\u0131\u011f\u0131 Aksa Tufan\u0131 Operasyonu\u2019nda \u00f6ne \u00e7\u0131kan geli\u015fmeler: Filistin D\u0131\u015fi\u015fleri Bakanl\u0131\u011f\u0131, Gazze \u015eeridi halk\u0131n\u0131n korunmas\u0131na ili\u015fkin uluslararas\u0131 fikir birli\u011finin eyleme d\u00f6n\u00fc\u015ft\u00fcr\u00fclmesini talep etti. Filistin direni\u015fi, Gazze \u015eeridi&#8217;nin g\u00fcneyindeki Han Yunus \u015fehrinin do\u011fusundaki Abasan el-Kabira b\u00f6lgesinde bir evin i\u00e7inde barikat kuran &hellip;<\/p>\n","protected":false},"author":39,"featured_media":296917,"comment_status":"closed","ping_status":"closed","sticky":false,"template":"","format":"standard","meta":{"footnotes":""},"categories":[458,459,17988],"tags":[],"class_list":["post-296916","post","type-post","status-publish","format-standard","has-post-thumbnail","","category-dunya1","category-haberler-arap-uluslararasi-politika","category-son-haberler"],"_links":{"self":[{"href":"https:\/\/archive.sana.sy\/tr\/index.php?rest_route=\/wp\/v2\/posts\/296916","targetHints":{"allow":["GET"]}}],"collection":[{"href":"https:\/\/archive.sana.sy\/tr\/index.php?rest_route=\/wp\/v2\/posts"}],"about":[{"href":"https:\/\/archive.sana.sy\/tr\/index.php?rest_route=\/wp\/v2\/types\/post"}],"author":[{"embeddable":true,"href":"https:\/\/archive.sana.sy\/tr\/index.php?rest_route=\/wp\/v2\/users\/39"}],"replies":[{"embeddable":true,"href":"https:\/\/archive.sana.sy\/tr\/index.php?rest_route=%2Fwp%2Fv2%2Fcomments&post=296916"}],"version-history":[{"count":7,"href":"https:\/\/archive.sana.sy\/tr\/index.php?rest_route=\/wp\/v2\/posts\/296916\/revisions"}],"predecessor-version":[{"id":296948,"href":"https:\/\/archive.sana.sy\/tr\/index.php?rest_route=\/wp\/v2\/posts\/296916\/revisions\/296948"}],"wp:featuredmedia":[{"embeddable":true,"href":"https:\/\/archive.sana.sy\/tr\/index.php?rest_route=\/wp\/v2\/media\/296917"}],"wp:attachment":[{"href":"https:\/\/archive.sana.sy\/tr\/index.php?rest_route=%2Fwp%2Fv2%2Fmedia&parent=296916"}],"wp:term":[{"taxonomy":"category","embeddable":true,"href":"https:\/\/archive.sana.sy\/tr\/index.php?rest_route=%2Fwp%2Fv2%2Fcategories&post=296916"},{"taxonomy":"post_tag","embeddable":true,"href":"https:\/\/archive.sana.sy\/tr\/index.php?rest_route=%2Fwp%2Fv2%2Ftags&post=296916"}],"curies":[{"name":"wp","href":"https:\/\/api.w.org\/{rel}","templated":true}]}}