{"id":296920,"date":"2024-02-13T10:49:06","date_gmt":"2024-02-13T07:49:06","guid":{"rendered":"https:\/\/sana.sy\/tr\/?p=296920"},"modified":"2024-02-14T08:11:34","modified_gmt":"2024-02-14T05:11:34","slug":"gazze-seridinde-130uncu-gundur-devam-eden-isgal-bombardimaninda-cok-sayida-filistinli-sehit-dustu-ve-yaralandi","status":"publish","type":"post","link":"https:\/\/archive.sana.sy\/tr\/?p=296920","title":{"rendered":"Gazze \u015eeridi&#8217;nde 130&#8217;uncu G\u00fcn\u00fcnde Devam Eden \u0130\u015fgal Bombard\u0131man\u0131nda \u00c7ok Say\u0131da Filistinli \u015eehit D\u00fc\u015ft\u00fc Ve Yaraland\u0131"},"content":{"rendered":"<p style=\"text-align: justify;\"><strong>\u0130\u015eGAL ED\u0130LEN KUD\u00dcS 13 \u015eUBAT 2024 (SANA) \u2013<\/strong> Gazze \u015eeridi&#8217;nde devam eden fa\u015fist Siyonist sald\u0131rganl\u0131\u011f\u0131n 130&#8217;uncu g\u00fcn\u00fcnde \u0130srail i\u015fgal u\u00e7aklar\u0131 ve top\u00e7ular\u0131n\u0131n Gazze \u015eeridi&#8217;nin farkl\u0131 b\u00f6lgelerini bombalamas\u0131 sonucu bug\u00fcn \u015fafak vakti \u00e7ok say\u0131da Filistinli \u015fehit d\u00fc\u015ft\u00fc ve yaraland\u0131.<\/p>\n<p style=\"text-align: justify;\">Filistin medyas\u0131, i\u015fgal u\u00e7aklar\u0131n\u0131n Gazze \u015eeridi&#8217;nin merkezindeki Nuseyrat kamp\u0131ndaki bir evi bombalayarak 5 ki\u015finin \u015fehit d\u00fc\u015fmesine, di\u011ferlerinin de yaralanmas\u0131na yol a\u00e7t\u0131\u011f\u0131n\u0131 belirtirken, Gazze \u015eeridi&#8217;nin g\u00fcneyindeki Refah \u015fehrinin Brezilya mahallesine d\u00fczenlenen i\u015fgal bombard\u0131man\u0131 sonucu bir \u00e7ocu\u011funu da \u015fehit d\u00fc\u015ft\u00fc, 4 Filistinlinin de yaraland\u0131\u011f\u0131na i\u015faret etti.<\/p>\n<p style=\"text-align: justify;\">Medya ayr\u0131ca, i\u015fgal top\u00e7usunun Gazze \u015eeridi&#8217;nin g\u00fcneyindeki Han Yunus \u015fehrinin \u00e7e\u015fitli b\u00f6lgelerini bombalad\u0131\u011f\u0131n\u0131, bunun da \u015fehrin merkezindeki Nas\u0131r T\u0131p Kompleksi&#8217;nde tamamen elektrik kesintisine yol a\u00e7t\u0131\u011f\u0131n\u0131 ekledi.<\/p>\n<p style=\"text-align: center;\"><strong><a href=\"https:\/\/t.me\/SuriyeArapHaberAjansI\">Telegram Kanal\u0131m\u0131z\u00a0<\/a>||<a href=\"https:\/\/twitter.com\/arap_ajans\">X Platformumuz\u00a0<\/a>||<a href=\"https:\/\/www.facebook.com\/SANAHaberAjansi\/\">Facebook Sayfam\u0131z<\/a><\/strong><\/p>\n","protected":false},"excerpt":{"rendered":"<p>\u0130\u015eGAL ED\u0130LEN KUD\u00dcS 13 \u015eUBAT 2024 (SANA) \u2013 Gazze \u015eeridi&#8217;nde devam eden fa\u015fist Siyonist sald\u0131rganl\u0131\u011f\u0131n 130&#8217;uncu g\u00fcn\u00fcnde \u0130srail i\u015fgal u\u00e7aklar\u0131 ve top\u00e7ular\u0131n\u0131n Gazze \u015eeridi&#8217;nin farkl\u0131 b\u00f6lgelerini bombalamas\u0131 sonucu bug\u00fcn \u015fafak vakti \u00e7ok say\u0131da Filistinli \u015fehit d\u00fc\u015ft\u00fc ve yaraland\u0131. Filistin medyas\u0131, i\u015fgal u\u00e7aklar\u0131n\u0131n Gazze \u015eeridi&#8217;nin merkezindeki Nuseyrat kamp\u0131ndaki bir evi bombalayarak 5 ki\u015finin \u015fehit d\u00fc\u015fmesine, di\u011ferlerinin &hellip;<\/p>\n","protected":false},"author":39,"featured_media":296921,"comment_status":"closed","ping_status":"closed","sticky":false,"template":"","format":"standard","meta":{"footnotes":""},"categories":[458,459,17988],"tags":[],"class_list":["post-296920","post","type-post","status-publish","format-standard","has-post-thumbnail","","category-dunya1","category-haberler-arap-uluslararasi-politika","category-son-haberler"],"_links":{"self":[{"href":"https:\/\/archive.sana.sy\/tr\/index.php?rest_route=\/wp\/v2\/posts\/296920","targetHints":{"allow":["GET"]}}],"collection":[{"href":"https:\/\/archive.sana.sy\/tr\/index.php?rest_route=\/wp\/v2\/posts"}],"about":[{"href":"https:\/\/archive.sana.sy\/tr\/index.php?rest_route=\/wp\/v2\/types\/post"}],"author":[{"embeddable":true,"href":"https:\/\/archive.sana.sy\/tr\/index.php?rest_route=\/wp\/v2\/users\/39"}],"replies":[{"embeddable":true,"href":"https:\/\/archive.sana.sy\/tr\/index.php?rest_route=%2Fwp%2Fv2%2Fcomments&post=296920"}],"version-history":[{"count":2,"href":"https:\/\/archive.sana.sy\/tr\/index.php?rest_route=\/wp\/v2\/posts\/296920\/revisions"}],"predecessor-version":[{"id":296923,"href":"https:\/\/archive.sana.sy\/tr\/index.php?rest_route=\/wp\/v2\/posts\/296920\/revisions\/296923"}],"wp:featuredmedia":[{"embeddable":true,"href":"https:\/\/archive.sana.sy\/tr\/index.php?rest_route=\/wp\/v2\/media\/296921"}],"wp:attachment":[{"href":"https:\/\/archive.sana.sy\/tr\/index.php?rest_route=%2Fwp%2Fv2%2Fmedia&parent=296920"}],"wp:term":[{"taxonomy":"category","embeddable":true,"href":"https:\/\/archive.sana.sy\/tr\/index.php?rest_route=%2Fwp%2Fv2%2Fcategories&post=296920"},{"taxonomy":"post_tag","embeddable":true,"href":"https:\/\/archive.sana.sy\/tr\/index.php?rest_route=%2Fwp%2Fv2%2Ftags&post=296920"}],"curies":[{"name":"wp","href":"https:\/\/api.w.org\/{rel}","templated":true}]}}