{"id":296932,"date":"2024-02-13T04:12:32","date_gmt":"2024-02-13T01:12:32","guid":{"rendered":"https:\/\/sana.sy\/tr\/?p=296932"},"modified":"2024-02-14T08:11:00","modified_gmt":"2024-02-14T05:11:00","slug":"lubnan-direnisi-israil-isgal-guclerinin-isgal-edilen-filistinin-kuzeyindeki-yogunlasmalarini-ve-mevzilerini-hedef-aldi","status":"publish","type":"post","link":"https:\/\/archive.sana.sy\/tr\/?p=296932","title":{"rendered":"L\u00fcbnan Direni\u015fi, \u0130srail \u0130\u015fgal G\u00fc\u00e7lerinin \u0130\u015fgal Edilen Filistin&#8217;in Kuzeyindeki Yo\u011funla\u015fmalar\u0131n\u0131 Ve Mevzilerini Hedef Ald\u0131"},"content":{"rendered":"<p><strong>BEYRUT 13 \u015eUBAT 2024 (SANA) \u2013<\/strong> L\u00fcbnan direni\u015fi bug\u00fcn i\u015fgal alt\u0131ndaki Filistin&#8217;in kuzeyindeki Kiryat \u015emona yerle\u015fim yerindeki \u0130srail i\u015fgal polisine ait bir binay\u0131 uygun silahlarla hedef alarak do\u011frudan isabet ald\u0131.<\/p>\n<p>Direni\u015f yapt\u0131\u011f\u0131 a\u00e7\u0131klamada, &#8220;Bu operasyon Gazze \u015eeridi&#8217;ndeki kararl\u0131 Filistin halk\u0131na destek amac\u0131yla ve \u0130srail&#8217;in g\u00fcneydeki k\u00f6ylere ve evlere, en son da Talusah k\u00f6y\u00fcne y\u00f6nelik sald\u0131r\u0131lar\u0131na yan\u0131t olarak geliyor&#8221; dedi.<\/p>\n<p>L\u00fcbnan Direni\u015fi, bir ba\u015fka a\u00e7\u0131klamas\u0131nda, bu sabah i\u015fgal g\u00fc\u00e7lerinin Hadab Yarin mevkiindeki casus ekipmanlar\u0131n\u0131 uygun silahlarla hedef ald\u0131\u011f\u0131n\u0131 ve do\u011frudan isabet elde etti\u011fini duyurdu.<\/p>\n<p>L\u00fcbnan direni\u015fi, i\u015fgal alt\u0131ndaki Hunin Kalesi&#8217;nde toplanan \u0130srail d\u00fc\u015fman askerlerini de f\u00fcze silahlar\u0131yla hedef alarak do\u011frudan isabet ald\u0131.<\/p>\n<p style=\"text-align: center;\"><strong><a href=\"https:\/\/t.me\/SuriyeArapHaberAjansI\">Telegram Kanal\u0131m\u0131z\u00a0<\/a>||<a href=\"https:\/\/twitter.com\/arap_ajans\">X Platformumuz\u00a0<\/a>||<a href=\"https:\/\/www.facebook.com\/SANAHaberAjansi\/\">Facebook Sayfam\u0131z<\/a><\/strong><\/p>\n","protected":false},"excerpt":{"rendered":"<p>BEYRUT 13 \u015eUBAT 2024 (SANA) \u2013 L\u00fcbnan direni\u015fi bug\u00fcn i\u015fgal alt\u0131ndaki Filistin&#8217;in kuzeyindeki Kiryat \u015emona yerle\u015fim yerindeki \u0130srail i\u015fgal polisine ait bir binay\u0131 uygun silahlarla hedef alarak do\u011frudan isabet ald\u0131. Direni\u015f yapt\u0131\u011f\u0131 a\u00e7\u0131klamada, &#8220;Bu operasyon Gazze \u015eeridi&#8217;ndeki kararl\u0131 Filistin halk\u0131na destek amac\u0131yla ve \u0130srail&#8217;in g\u00fcneydeki k\u00f6ylere ve evlere, en son da Talusah k\u00f6y\u00fcne y\u00f6nelik sald\u0131r\u0131lar\u0131na &hellip;<\/p>\n","protected":false},"author":39,"featured_media":296933,"comment_status":"closed","ping_status":"closed","sticky":false,"template":"","format":"standard","meta":{"footnotes":""},"categories":[458,459,17988],"tags":[],"class_list":["post-296932","post","type-post","status-publish","format-standard","has-post-thumbnail","","category-dunya1","category-haberler-arap-uluslararasi-politika","category-son-haberler"],"_links":{"self":[{"href":"https:\/\/archive.sana.sy\/tr\/index.php?rest_route=\/wp\/v2\/posts\/296932","targetHints":{"allow":["GET"]}}],"collection":[{"href":"https:\/\/archive.sana.sy\/tr\/index.php?rest_route=\/wp\/v2\/posts"}],"about":[{"href":"https:\/\/archive.sana.sy\/tr\/index.php?rest_route=\/wp\/v2\/types\/post"}],"author":[{"embeddable":true,"href":"https:\/\/archive.sana.sy\/tr\/index.php?rest_route=\/wp\/v2\/users\/39"}],"replies":[{"embeddable":true,"href":"https:\/\/archive.sana.sy\/tr\/index.php?rest_route=%2Fwp%2Fv2%2Fcomments&post=296932"}],"version-history":[{"count":1,"href":"https:\/\/archive.sana.sy\/tr\/index.php?rest_route=\/wp\/v2\/posts\/296932\/revisions"}],"predecessor-version":[{"id":296934,"href":"https:\/\/archive.sana.sy\/tr\/index.php?rest_route=\/wp\/v2\/posts\/296932\/revisions\/296934"}],"wp:featuredmedia":[{"embeddable":true,"href":"https:\/\/archive.sana.sy\/tr\/index.php?rest_route=\/wp\/v2\/media\/296933"}],"wp:attachment":[{"href":"https:\/\/archive.sana.sy\/tr\/index.php?rest_route=%2Fwp%2Fv2%2Fmedia&parent=296932"}],"wp:term":[{"taxonomy":"category","embeddable":true,"href":"https:\/\/archive.sana.sy\/tr\/index.php?rest_route=%2Fwp%2Fv2%2Fcategories&post=296932"},{"taxonomy":"post_tag","embeddable":true,"href":"https:\/\/archive.sana.sy\/tr\/index.php?rest_route=%2Fwp%2Fv2%2Ftags&post=296932"}],"curies":[{"name":"wp","href":"https:\/\/api.w.org\/{rel}","templated":true}]}}