{"id":296949,"date":"2024-02-13T10:59:11","date_gmt":"2024-02-13T07:59:11","guid":{"rendered":"https:\/\/sana.sy\/tr\/?p=296949"},"modified":"2024-02-14T08:11:37","modified_gmt":"2024-02-14T05:11:37","slug":"rusya-savunmasi-ukrayna-gucleri-24-saat-icinde-binden-fazla-askerini-kaybetti","status":"publish","type":"post","link":"https:\/\/archive.sana.sy\/tr\/?p=296949","title":{"rendered":"Rusya Savunmas\u0131: Ukrayna G\u00fc\u00e7leri 24 Saat \u0130\u00e7inde Binden Fazla Askerini Kaybetti"},"content":{"rendered":"<p style=\"text-align: justify;\"><strong>MOSKOVA\u00a0 13 \u015eUBAT (SANA)<\/strong> &#8211; Rusya Savunma Bakanl\u0131\u011f\u0131, son 24 saat i\u00e7inde Ukrayna kuvvetlerinin kay\u0131plar\u0131n\u0131n toplam\u0131n\u0131 a\u00e7\u0131klad\u0131; bu rakam, Ukrayna Silahl\u0131 Kuvvetlerinin t\u00fcm cephelerde 1.065 \u00fcyesine ula\u015ft\u0131.<\/p>\n<p style=\"text-align: justify;\">Bu, Rusya Savunma Bakanl\u0131\u011f\u0131&#8217;n\u0131n 13 \u015eubat Sal\u0131 tarihli raporunda, Rus Silahl\u0131 Kuvvetleri&#8217;nin Krasno-Liman y\u00f6n\u00fcnde \u00f6n cephedeki durumu iyile\u015ftirdi\u011fi ve d\u00fc\u015fman\u0131n 310&#8217;a kadar askeri personel kaybetti\u011fi belirtildi.<\/p>\n<p style=\"text-align: justify;\">Rapora g\u00f6re ayr\u0131ca,<\/p>\n<ul>\n<li style=\"text-align: justify;\">Rus Silahl\u0131 Kuvvetleri daha stratejik mevzileri i\u015fgal ederek Ukrayna Silahl\u0131 Kuvvetlerinin Donetsk y\u00f6n\u00fcndeki 5 sald\u0131r\u0131s\u0131n\u0131 p\u00fcsk\u00fcrtt\u00fc.<\/li>\n<li style=\"text-align: justify;\">Rus Silahl\u0131 Kuvvetleri, 126&#8217;nc\u0131 Ukrayna Kara Savunma Tugay\u0131&#8217;na ait m\u00fchimmat deposunu imha etti.<\/li>\n<li style=\"text-align: justify;\">Ukrayna Silahl\u0131 Kuvvetleri Kubyansk istikametinde 180 kadar asker ve 9 birim te\u00e7hizat kaybetti.<\/li>\n<li style=\"text-align: justify;\">Rus Silahl\u0131 Kuvvetleri g\u00fcney Donetsk y\u00f6n\u00fcnde 250 kadar asker ve 9 birlik te\u00e7hizat\u0131 imha etti.<\/li>\n<li style=\"text-align: justify;\">Rus hava savunmas\u0131 da son 24 saatte 63 drone ve 3 Himars f\u00fczesini d\u00fc\u015f\u00fcrd\u00fc.<\/li>\n<li style=\"text-align: justify;\">Rus Silahl\u0131 Kuvvetleri ayr\u0131ca Kherson y\u00f6n\u00fcnde Ukrayna Silahl\u0131 Kuvvetlerine ait iki tugay\u0131 ve Ulusal Muhaf\u0131zlara ait bir tugay\u0131 da vurdu.<\/li>\n<\/ul>\n<p style=\"text-align: center;\"><strong><a href=\"https:\/\/t.me\/SuriyeArapHaberAjansI\">Kanal\u0131m\u0131z\u00a0<\/a>||<a href=\"https:\/\/twitter.com\/arap_ajans\">X Platformumuz\u00a0<\/a>||<a href=\"https:\/\/www.facebook.com\/SANAHaberAjansi\/\">Facebook Sayfam\u0131z<\/a><\/strong><\/p>\n","protected":false},"excerpt":{"rendered":"<p>MOSKOVA\u00a0 13 \u015eUBAT (SANA) &#8211; Rusya Savunma Bakanl\u0131\u011f\u0131, son 24 saat i\u00e7inde Ukrayna kuvvetlerinin kay\u0131plar\u0131n\u0131n toplam\u0131n\u0131 a\u00e7\u0131klad\u0131; bu rakam, Ukrayna Silahl\u0131 Kuvvetlerinin t\u00fcm cephelerde 1.065 \u00fcyesine ula\u015ft\u0131. Bu, Rusya Savunma Bakanl\u0131\u011f\u0131&#8217;n\u0131n 13 \u015eubat Sal\u0131 tarihli raporunda, Rus Silahl\u0131 Kuvvetleri&#8217;nin Krasno-Liman y\u00f6n\u00fcnde \u00f6n cephedeki durumu iyile\u015ftirdi\u011fi ve d\u00fc\u015fman\u0131n 310&#8217;a kadar askeri personel kaybetti\u011fi belirtildi. Rapora g\u00f6re &hellip;<\/p>\n","protected":false},"author":41,"featured_media":296950,"comment_status":"closed","ping_status":"closed","sticky":false,"template":"","format":"standard","meta":{"footnotes":""},"categories":[458,459,17988],"tags":[40889],"class_list":["post-296949","post","type-post","status-publish","format-standard","has-post-thumbnail","","category-dunya1","category-haberler-arap-uluslararasi-politika","category-son-haberler","tag-rusya-savunmasi-ukrayna-gucleri-24-saat-icinde-binden-fazla-askerini-kaybetti"],"_links":{"self":[{"href":"https:\/\/archive.sana.sy\/tr\/index.php?rest_route=\/wp\/v2\/posts\/296949","targetHints":{"allow":["GET"]}}],"collection":[{"href":"https:\/\/archive.sana.sy\/tr\/index.php?rest_route=\/wp\/v2\/posts"}],"about":[{"href":"https:\/\/archive.sana.sy\/tr\/index.php?rest_route=\/wp\/v2\/types\/post"}],"author":[{"embeddable":true,"href":"https:\/\/archive.sana.sy\/tr\/index.php?rest_route=\/wp\/v2\/users\/41"}],"replies":[{"embeddable":true,"href":"https:\/\/archive.sana.sy\/tr\/index.php?rest_route=%2Fwp%2Fv2%2Fcomments&post=296949"}],"version-history":[{"count":1,"href":"https:\/\/archive.sana.sy\/tr\/index.php?rest_route=\/wp\/v2\/posts\/296949\/revisions"}],"predecessor-version":[{"id":296951,"href":"https:\/\/archive.sana.sy\/tr\/index.php?rest_route=\/wp\/v2\/posts\/296949\/revisions\/296951"}],"wp:featuredmedia":[{"embeddable":true,"href":"https:\/\/archive.sana.sy\/tr\/index.php?rest_route=\/wp\/v2\/media\/296950"}],"wp:attachment":[{"href":"https:\/\/archive.sana.sy\/tr\/index.php?rest_route=%2Fwp%2Fv2%2Fmedia&parent=296949"}],"wp:term":[{"taxonomy":"category","embeddable":true,"href":"https:\/\/archive.sana.sy\/tr\/index.php?rest_route=%2Fwp%2Fv2%2Fcategories&post=296949"},{"taxonomy":"post_tag","embeddable":true,"href":"https:\/\/archive.sana.sy\/tr\/index.php?rest_route=%2Fwp%2Fv2%2Ftags&post=296949"}],"curies":[{"name":"wp","href":"https:\/\/api.w.org\/{rel}","templated":true}]}}