{"id":296952,"date":"2024-02-13T05:41:58","date_gmt":"2024-02-13T02:41:58","guid":{"rendered":"https:\/\/sana.sy\/tr\/?p=296952"},"modified":"2024-08-11T09:18:01","modified_gmt":"2024-08-11T06:18:01","slug":"20-uluslararasi-karikatur-festivali-sonuclarini-darulesadda-duzenlenen-torenle-acikladi-video","status":"publish","type":"post","link":"https:\/\/archive.sana.sy\/tr\/?p=296952","title":{"rendered":"20. Uluslararas\u0131 Karikat\u00fcr Festivali Sonu\u00e7lar\u0131n\u0131 Dar\u00fclesad&#8217;da D\u00fczenlenen T\u00f6renle A\u00e7\u0131klad\u0131 \u2013 Video"},"content":{"rendered":"<p style=\"text-align: justify;\"><strong>\u015eAM 13 \u015eUBAT (SANA)<\/strong> &#8211; Her y\u0131l d\u00fczenlenen Uluslararas\u0131 Karikat\u00fcr Festivali, bug\u00fcn (\u015eehit sanat\u00e7\u0131 Naci El Ali&#8217;nin ruhuna ve Filistin&#8217;deki direni\u015fe sayg\u0131 duru\u015fu) ba\u015fl\u0131kl\u0131 t\u00f6renle 20. d\u00f6nem kazananlar\u0131n\u0131n isimlerini \u015eam&#8217;daki Dar\u00fclesad K\u00fclt\u00fcr ve Sanat Drama Salonu&#8217;nda a\u00e7\u0131klad\u0131.<\/p>\n<p style=\"text-align: justify;\">63 \u00fclkeden 300&#8217;\u00fcn \u00fczerinde sanat\u00e7\u0131n\u0131n kat\u0131ld\u0131\u011f\u0131 yar\u0131\u015fmada birincili\u011fi \u0130ranl\u0131 sanat\u00e7\u0131 \u0130smail Babaei, ikincili\u011fi Rus sanat\u00e7\u0131 Anatoly Radin, \u00fc\u00e7\u00fcnc\u00fcl\u00fc\u011f\u00fc ise K\u00fcbal\u0131 sanat\u00e7\u0131 Javier Torres kazand\u0131.<\/p>\n<p style=\"text-align: justify;\">T\u00f6ren program\u0131nda bu oturumda yar\u0131\u015fmaya kat\u0131lan eserlerden se\u00e7ilen 100&#8217;\u00fcn \u00fczerinde karikat\u00fcr eserinin yer ald\u0131\u011f\u0131 bir sergi yer ald\u0131. Ard\u0131ndan \u015fehit sanat\u00e7\u0131 Naci El Ali&#8217;nin hayat\u0131, eserleri ve hain Siyonist el taraf\u0131ndan nas\u0131l suikasta kurban gitti\u011fini anlatan k\u0131sa film g\u00f6sterild. Daha sonra \u201cYemek\u201d adl\u0131 k\u0131sa \u00e7izgi film g\u00f6sterimi yap\u0131ld\u0131. \u0650 Ard\u0131ndan sonu\u00e7lar a\u00e7\u0131kland\u0131 ve Maestro Adnan Fathallah onurland\u0131r\u0131ld\u0131. Kendisi daha sonra yar\u0131m saat boyunca Suriye Ulusal Arap M\u00fczi\u011fi Orkestras\u0131&#8217;na liderlik ederek \u00e7e\u015fitli enstr\u00fcmantal m\u00fczik par\u00e7alar\u0131n\u0131 sundu.<\/p>\n<p><iframe loading=\"lazy\" title=\"\u0627\u0644\u0645\u0647\u0631\u062c\u0627\u0646 \u0627\u0644\u062f\u0648\u0644\u064a \u0627\u0644\u0633\u0646\u0648\u064a \u0627\u0644\u0640 20 \u0644\u0644\u0643\u0627\u0631\u064a\u0643\u0627\u062a\u0648\u0631 \u064a\u0639\u0644\u0646 \u0646\u062a\u0627\u0626\u062c\u0647 \u0636\u0645\u0646 \u062d\u0641\u0644 \u0641\u064a \u062f\u0627\u0631 \u0627\u0644\u0623\u0633\u062f\" width=\"618\" height=\"348\" src=\"https:\/\/www.youtube.com\/embed\/RtZwpP0h830?feature=oembed\" frameborder=\"0\" allow=\"accelerometer; autoplay; clipboard-write; encrypted-media; gyroscope; picture-in-picture; web-share\" referrerpolicy=\"strict-origin-when-cross-origin\" allowfullscreen><\/iframe><\/p>\n<div id='gallery-1' class='gallery galleryid-296952 gallery-columns-5 gallery-size-thumbnail'><figure class='gallery-item'>\n\t\t\t<div class='gallery-icon landscape'>\n\t\t\t\t<a href='https:\/\/archive.sana.sy\/tr\/?attachment_id=296956'><img loading=\"lazy\" decoding=\"async\" width=\"150\" height=\"150\" src=\"https:\/\/archive.sana.sy\/tr\/wp-content\/uploads\/2024\/02\/DSC_8040-copy-150x150.jpg\" class=\"attachment-thumbnail size-thumbnail\" alt=\"\" \/><\/a>\n\t\t\t<\/div><\/figure><figure class='gallery-item'>\n\t\t\t<div class='gallery-icon landscape'>\n\t\t\t\t<a href='https:\/\/archive.sana.sy\/tr\/?attachment_id=296957'><img loading=\"lazy\" decoding=\"async\" width=\"150\" height=\"150\" src=\"https:\/\/archive.sana.sy\/tr\/wp-content\/uploads\/2024\/02\/DSC_8023-copy-150x150.jpg\" class=\"attachment-thumbnail size-thumbnail\" alt=\"\" \/><\/a>\n\t\t\t<\/div><\/figure><figure class='gallery-item'>\n\t\t\t<div class='gallery-icon landscape'>\n\t\t\t\t<a href='https:\/\/archive.sana.sy\/tr\/?attachment_id=296958'><img loading=\"lazy\" decoding=\"async\" width=\"150\" height=\"150\" src=\"https:\/\/archive.sana.sy\/tr\/wp-content\/uploads\/2024\/02\/DSC_8008-copy-150x150.jpg\" class=\"attachment-thumbnail size-thumbnail\" alt=\"\" \/><\/a>\n\t\t\t<\/div><\/figure><figure class='gallery-item'>\n\t\t\t<div class='gallery-icon landscape'>\n\t\t\t\t<a href='https:\/\/archive.sana.sy\/tr\/?attachment_id=296959'><img loading=\"lazy\" decoding=\"async\" width=\"150\" height=\"150\" src=\"https:\/\/archive.sana.sy\/tr\/wp-content\/uploads\/2024\/02\/DSC_7921-copy-150x150.jpg\" class=\"attachment-thumbnail size-thumbnail\" alt=\"\" \/><\/a>\n\t\t\t<\/div><\/figure><figure class='gallery-item'>\n\t\t\t<div class='gallery-icon landscape'>\n\t\t\t\t<a href='https:\/\/archive.sana.sy\/tr\/?attachment_id=296960'><img loading=\"lazy\" decoding=\"async\" width=\"150\" height=\"150\" src=\"https:\/\/archive.sana.sy\/tr\/wp-content\/uploads\/2024\/02\/DSC_7896-copy-150x150.jpg\" class=\"attachment-thumbnail size-thumbnail\" alt=\"\" \/><\/a>\n\t\t\t<\/div><\/figure>\n\t\t<\/div>\n\n<p style=\"text-align: center;\"><strong><a href=\"https:\/\/t.me\/SuriyeArapHaberAjansI\">Kanal\u0131m\u0131z\u00a0<\/a>||<a href=\"https:\/\/twitter.com\/arap_ajans\">X Platformumuz\u00a0<\/a>||<a href=\"https:\/\/www.facebook.com\/SANAHaberAjansi\/\">Facebook Sayfam\u0131z<\/a><\/strong><\/p>\n","protected":false},"excerpt":{"rendered":"<p>\u015eAM 13 \u015eUBAT (SANA) &#8211; Her y\u0131l d\u00fczenlenen Uluslararas\u0131 Karikat\u00fcr Festivali, bug\u00fcn (\u015eehit sanat\u00e7\u0131 Naci El Ali&#8217;nin ruhuna ve Filistin&#8217;deki direni\u015fe sayg\u0131 duru\u015fu) ba\u015fl\u0131kl\u0131 t\u00f6renle 20. d\u00f6nem kazananlar\u0131n\u0131n isimlerini \u015eam&#8217;daki Dar\u00fclesad K\u00fclt\u00fcr ve Sanat Drama Salonu&#8217;nda a\u00e7\u0131klad\u0131. 63 \u00fclkeden 300&#8217;\u00fcn \u00fczerinde sanat\u00e7\u0131n\u0131n kat\u0131ld\u0131\u011f\u0131 yar\u0131\u015fmada birincili\u011fi \u0130ranl\u0131 sanat\u00e7\u0131 \u0130smail Babaei, ikincili\u011fi Rus sanat\u00e7\u0131 Anatoly Radin, \u00fc\u00e7\u00fcnc\u00fcl\u00fc\u011f\u00fc &hellip;<\/p>\n","protected":false},"author":41,"featured_media":296953,"comment_status":"closed","ping_status":"closed","sticky":false,"template":"","format":"standard","meta":{"footnotes":""},"categories":[516,511,17988],"tags":[40890],"class_list":["post-296952","post","type-post","status-publish","format-standard","has-post-thumbnail","","category-haberler-kultur-ve-sanat","category-kultur-ve-sanat","category-son-haberler","tag-20-uluslararasi-karikatur-festivali-sonuclarini-darulesadda-duzenlenen-torenle-acikladi-video"],"_links":{"self":[{"href":"https:\/\/archive.sana.sy\/tr\/index.php?rest_route=\/wp\/v2\/posts\/296952","targetHints":{"allow":["GET"]}}],"collection":[{"href":"https:\/\/archive.sana.sy\/tr\/index.php?rest_route=\/wp\/v2\/posts"}],"about":[{"href":"https:\/\/archive.sana.sy\/tr\/index.php?rest_route=\/wp\/v2\/types\/post"}],"author":[{"embeddable":true,"href":"https:\/\/archive.sana.sy\/tr\/index.php?rest_route=\/wp\/v2\/users\/41"}],"replies":[{"embeddable":true,"href":"https:\/\/archive.sana.sy\/tr\/index.php?rest_route=%2Fwp%2Fv2%2Fcomments&post=296952"}],"version-history":[{"count":5,"href":"https:\/\/archive.sana.sy\/tr\/index.php?rest_route=\/wp\/v2\/posts\/296952\/revisions"}],"predecessor-version":[{"id":306462,"href":"https:\/\/archive.sana.sy\/tr\/index.php?rest_route=\/wp\/v2\/posts\/296952\/revisions\/306462"}],"wp:featuredmedia":[{"embeddable":true,"href":"https:\/\/archive.sana.sy\/tr\/index.php?rest_route=\/wp\/v2\/media\/296953"}],"wp:attachment":[{"href":"https:\/\/archive.sana.sy\/tr\/index.php?rest_route=%2Fwp%2Fv2%2Fmedia&parent=296952"}],"wp:term":[{"taxonomy":"category","embeddable":true,"href":"https:\/\/archive.sana.sy\/tr\/index.php?rest_route=%2Fwp%2Fv2%2Fcategories&post=296952"},{"taxonomy":"post_tag","embeddable":true,"href":"https:\/\/archive.sana.sy\/tr\/index.php?rest_route=%2Fwp%2Fv2%2Ftags&post=296952"}],"curies":[{"name":"wp","href":"https:\/\/api.w.org\/{rel}","templated":true}]}}